{"id":116,"date":"2019-08-01T19:04:10","date_gmt":"2019-08-01T19:04:10","guid":{"rendered":"https:\/\/queretaro10.com\/eventos\/?p=23244"},"modified":"2025-01-24T06:36:49","modified_gmt":"2025-01-24T06:36:49","slug":"dia-de-los-muertos","status":"publish","type":"post","link":"https:\/\/queretaro10.com\/eventos\/dia-de-los-muertos\/","title":{"rendered":"D\u00eda de Muertos en Quer\u00e9taro 2025"},"content":{"rendered":"<p><strong>\u00bfQu\u00e9 es el D\u00eda de Muertos?<\/strong> Uno de los d\u00edas m\u00e1s importantes del Pa\u00eds de M\u00e9xico, <strong>el d\u00eda de muertos en Quer\u00e9taro 2025<\/strong>, es una costumbre mesoamericana, tradici\u00f3n cultural y festejo de los muertos de cada familia en toda la <strong>Rep\u00fablica Mexicana<\/strong>, relacionada al catolicismo como d\u00eda de los fieles difuntos y todos santos, en realidad todos tenemos alg\u00fan ser querido que parti\u00f3 de \u00e9ste mundo que mejor ese d\u00eda para <strong>Recordarlo con honores<\/strong>.<\/p>\n<hr \/>\n<div id=\"ez-toc-container\" class=\"ez-toc-v2_0_74 ez-toc-wrap-center counter-hierarchy ez-toc-counter ez-toc-white ez-toc-container-direction\">\n<div class=\"ez-toc-title-container\">\n<p class=\"ez-toc-title\" style=\"cursor:inherit\">Contenido<\/p>\n<span class=\"ez-toc-title-toggle\"><a href=\"#\" class=\"ez-toc-pull-right ez-toc-btn ez-toc-btn-xs ez-toc-btn-default ez-toc-toggle\" aria-label=\"Alternar tabla de contenidos\"><span class=\"ez-toc-js-icon-con\"><span class=\"\"><span class=\"eztoc-hide\" style=\"display:none;\">Toggle<\/span><span class=\"ez-toc-icon-toggle-span\"><svg style=\"fill: #999;color:#999\" xmlns=\"http:\/\/www.w3.org\/2000\/svg\" class=\"list-377408\" width=\"20px\" height=\"20px\" viewBox=\"0 0 24 24\" fill=\"none\"><path d=\"M6 6H4v2h2V6zm14 0H8v2h12V6zM4 11h2v2H4v-2zm16 0H8v2h12v-2zM4 16h2v2H4v-2zm16 0H8v2h12v-2z\" fill=\"currentColor\"><\/path><\/svg><svg style=\"fill: #999;color:#999\" class=\"arrow-unsorted-368013\" xmlns=\"http:\/\/www.w3.org\/2000\/svg\" width=\"10px\" height=\"10px\" viewBox=\"0 0 24 24\" version=\"1.2\" baseProfile=\"tiny\"><path d=\"M18.2 9.3l-6.2-6.3-6.2 6.3c-.2.2-.3.4-.3.7s.1.5.3.7c.2.2.4.3.7.3h11c.3 0 .5-.1.7-.3.2-.2.3-.5.3-.7s-.1-.5-.3-.7zM5.8 14.7l6.2 6.3 6.2-6.3c.2-.2.3-.5.3-.7s-.1-.5-.3-.7c-.2-.2-.4-.3-.7-.3h-11c-.3 0-.5.1-.7.3-.2.2-.3.5-.3.7s.1.5.3.7z\"\/><\/svg><\/span><\/span><\/span><\/a><\/span><\/div>\n<nav><ul class='ez-toc-list ez-toc-list-level-1 ' ><li class='ez-toc-page-1 ez-toc-heading-level-2'><a class=\"ez-toc-link ez-toc-heading-1\" href=\"https:\/\/queretaro10.com\/eventos\/dia-de-los-muertos\/#Fecha_del_Dia_de_Muertos_2025\" >Fecha del D\u00eda de Muertos 2025<\/a><ul class='ez-toc-list-level-3' ><li class='ez-toc-heading-level-3'><a class=\"ez-toc-link ez-toc-heading-2\" href=\"https:\/\/queretaro10.com\/eventos\/dia-de-los-muertos\/#Viernes_1_de_noviembre\" >Viernes 1 de noviembre<\/a><ul class='ez-toc-list-level-4' ><li class='ez-toc-heading-level-4'><a class=\"ez-toc-link ez-toc-heading-3\" href=\"https:\/\/queretaro10.com\/eventos\/dia-de-los-muertos\/#Desfile_de_Catrinas\" >Desfile de Catrinas:<\/a><\/li><\/ul><\/li><li class='ez-toc-page-1 ez-toc-heading-level-3'><a class=\"ez-toc-link ez-toc-heading-4\" href=\"https:\/\/queretaro10.com\/eventos\/dia-de-los-muertos\/#Los_altares_y_ofrendas\" >Los altares y ofrendas<\/a><\/li><\/ul><\/li><li class='ez-toc-page-1 ez-toc-heading-level-2'><a class=\"ez-toc-link ez-toc-heading-5\" href=\"https:\/\/queretaro10.com\/eventos\/dia-de-los-muertos\/#Origen_del_dia_de_los_muertos\" >Origen del d\u00eda de los muertos<\/a><ul class='ez-toc-list-level-3' ><li class='ez-toc-heading-level-3'><a class=\"ez-toc-link ez-toc-heading-6\" href=\"https:\/\/queretaro10.com\/eventos\/dia-de-los-muertos\/#Patrimonio_Cultural_Inmaterial_de_la_Humanidad\" >Patrimonio Cultural Inmaterial de la Humanidad<\/a><\/li><li class='ez-toc-page-1 ez-toc-heading-level-3'><a class=\"ez-toc-link ez-toc-heading-7\" href=\"https:\/\/queretaro10.com\/eventos\/dia-de-los-muertos\/#%C2%BFCual_es_el_objetivo_del_Festejo\" >\u00bfCu\u00e1l es el objetivo del Festejo?<\/a><\/li><\/ul><\/li><li class='ez-toc-page-1 ez-toc-heading-level-2'><a class=\"ez-toc-link ez-toc-heading-8\" href=\"https:\/\/queretaro10.com\/eventos\/dia-de-los-muertos\/#Como_se_celebra_el_dia_de_muertos\" >Como se celebra el d\u00eda de muertos<\/a><ul class='ez-toc-list-level-3' ><li class='ez-toc-heading-level-3'><a class=\"ez-toc-link ez-toc-heading-9\" href=\"https:\/\/queretaro10.com\/eventos\/dia-de-los-muertos\/#El_Altar_de_Muertos\" >El Altar de Muertos<\/a><\/li><li class='ez-toc-page-1 ez-toc-heading-level-3'><a class=\"ez-toc-link ez-toc-heading-10\" href=\"https:\/\/queretaro10.com\/eventos\/dia-de-los-muertos\/#Ciudades_y_Estados_que_lo_celebran\" >Ciudades y Estados que lo celebran<\/a><\/li><\/ul><\/li><li class='ez-toc-page-1 ez-toc-heading-level-2'><a class=\"ez-toc-link ez-toc-heading-11\" href=\"https:\/\/queretaro10.com\/eventos\/dia-de-los-muertos\/#Imagenes_de_la_celebracion\" >Im\u00e1genes de la celebraci\u00f3n<\/a><\/li><li class='ez-toc-page-1 ez-toc-heading-level-2'><a class=\"ez-toc-link ez-toc-heading-12\" href=\"https:\/\/queretaro10.com\/eventos\/dia-de-los-muertos\/#Dibujos_del_dia_de_muertos\" >Dibujos del d\u00eda de muertos<\/a><\/li><li class='ez-toc-page-1 ez-toc-heading-level-2'><a class=\"ez-toc-link ez-toc-heading-13\" href=\"https:\/\/queretaro10.com\/eventos\/dia-de-los-muertos\/#Panteones_de_Queretaro_2025\" >Panteones de Queretaro 2025<\/a><ul class='ez-toc-list-level-3' ><li class='ez-toc-heading-level-3'><a class=\"ez-toc-link ez-toc-heading-14\" href=\"https:\/\/queretaro10.com\/eventos\/dia-de-los-muertos\/#Panteon_Municipal_de_Queretaro\" >Panteon Municipal de Queretaro<\/a><\/li><li class='ez-toc-page-1 ez-toc-heading-level-3'><a class=\"ez-toc-link ez-toc-heading-15\" href=\"https:\/\/queretaro10.com\/eventos\/dia-de-los-muertos\/#Panteon_Municipal_de_Santa_Rosa_Jauregui\" >Pante\u00f3n Municipal de Santa Rosa J\u00e1uregui<\/a><\/li><li class='ez-toc-page-1 ez-toc-heading-level-3'><a class=\"ez-toc-link ez-toc-heading-16\" href=\"https:\/\/queretaro10.com\/eventos\/dia-de-los-muertos\/#Panteon_Mompani\" >Pante\u00f3n Mompani<\/a><\/li><li class='ez-toc-page-1 ez-toc-heading-level-3'><a class=\"ez-toc-link ez-toc-heading-17\" href=\"https:\/\/queretaro10.com\/eventos\/dia-de-los-muertos\/#Panteon_Municipal_San_Pedro_Martir\" >Pante\u00f3n Municipal San Pedro M\u00e1rtir<\/a><\/li><li class='ez-toc-page-1 ez-toc-heading-level-3'><a class=\"ez-toc-link ez-toc-heading-18\" href=\"https:\/\/queretaro10.com\/eventos\/dia-de-los-muertos\/#Antiguo_Panteon_del_Pueblito\" >Antiguo Pante\u00f3n del Pueblito<\/a><\/li><li class='ez-toc-page-1 ez-toc-heading-level-3'><a class=\"ez-toc-link ez-toc-heading-19\" href=\"https:\/\/queretaro10.com\/eventos\/dia-de-los-muertos\/#Panteon_Municipal_de_Santa_Barbara\" >Pante\u00f3n Municipal de Santa Barbara<\/a><\/li><li class='ez-toc-page-1 ez-toc-heading-level-3'><a class=\"ez-toc-link ez-toc-heading-20\" href=\"https:\/\/queretaro10.com\/eventos\/dia-de-los-muertos\/#Panteon_Jardines_de_la_Esperanza\" >Pante\u00f3n Jardines de la Esperanza<\/a><\/li><li class='ez-toc-page-1 ez-toc-heading-level-3'><a class=\"ez-toc-link ez-toc-heading-21\" href=\"https:\/\/queretaro10.com\/eventos\/dia-de-los-muertos\/#Cementerio_Municipal\" >Cementerio Municipal<\/a><\/li><\/ul><\/li><\/ul><\/nav><\/div>\n<h2 style=\"text-align: center;\"><span class=\"ez-toc-section\" id=\"Fecha_del_Dia_de_Muertos_2025\"><\/span>Fecha del D\u00eda de Muertos 2025<span class=\"ez-toc-section-end\"><\/span><\/h2>\n<h3 style=\"text-align: center;\"><span class=\"ez-toc-section\" id=\"Viernes_1_de_noviembre\"><\/span>Viernes 1 de noviembre<span class=\"ez-toc-section-end\"><\/span><\/h3>\n<h4 style=\"text-align: center;\"><span class=\"ez-toc-section\" id=\"Desfile_de_Catrinas\"><\/span>Desfile de Catrinas:<span class=\"ez-toc-section-end\"><\/span><\/h4>\n<p style=\"text-align: center;\">19:00 hrs.<br \/>\n<strong>Lugar de salida:<\/strong> Av. Corregidora entre Morelos y 16 de Septiembre<\/p>\n<h3 style=\"text-align: center;\"><span class=\"ez-toc-section\" id=\"Los_altares_y_ofrendas\"><\/span>Los altares y ofrendas<span class=\"ez-toc-section-end\"><\/span><\/h3>\n<p style=\"text-align: center;\">Se exhibir\u00e1n en la mayor\u00eda de museos de la ciudad de Quer\u00e9taro entre ellos el Centro Estatal de las Artes (CEART), la Galer\u00eda Libertad, de los Conspiradores, de Arte Contempor\u00e1neo, el de Arte (MAQRO), el Comunitario de Pinal de Amoles y el Hist\u00f3rico de la Sierra Gorda.<\/p>\n<hr \/>\n<h2><span class=\"ez-toc-section\" id=\"Origen_del_dia_de_los_muertos\"><\/span>Origen del d\u00eda de los muertos<span class=\"ez-toc-section-end\"><\/span><\/h2>\n<p>El origen es mesoamericana, donde <strong>M\u00e9xico<\/strong> el mas fuerte Pa\u00eds, en <strong>Estados Unidos<\/strong> de Am\u00e9rica festejan en algunas ciudades, as\u00ed como en <strong>Am\u00e9rica central<\/strong>, Una de las representaciones m\u00e1s relevantes del patrimonio vivo de M\u00e9xico y del mundo, y como una de las expresiones culturales m\u00e1s antiguas y de mayor fuerza entre los grupos ind\u00edgenas del pa\u00eds.<\/p>\n<p>Algo importante mencionar es que la tradici\u00f3n sobrevivi\u00f3 a la llegada de los Espa\u00f1oles que seg\u00fan conquistaron M\u00e9xico, hay evidencias de celebraciones en las \u00e9pocas etnias maya, mexica, totonaca y pur\u00e9pecha, en la <strong>\u00e9poca de los espa\u00f1oles<\/strong> se mezclo la tradici\u00f3n <strong>europea con la prehisp\u00e1nica<\/strong>, logrando una <strong>fusi\u00f3n actual<\/strong>.<\/p>\n<p>En <strong>Teotihuacan<\/strong> se reconoce sus ofrendas humanas en ciertos lugares en esas fechas de festejos a los difuntos, los <strong>teotihuacanos\u00a0<\/strong>hac\u00edan sus ofrendas por edades entre j\u00f3venes y adultos.<\/p>\n<h3><span class=\"ez-toc-section\" id=\"Patrimonio_Cultural_Inmaterial_de_la_Humanidad\"><\/span>Patrimonio Cultural Inmaterial de la Humanidad<span class=\"ez-toc-section-end\"><\/span><\/h3>\n<p>Para el festejo en el a\u00f1o 2008 la organizaci\u00f3n distinguida <strong>Unesco declar\u00f3 el festejo Patrimonio Cultural Inmaterial dela Humanidad<\/strong> de M\u00e9xico, textualmente lo dicho fue:<\/p>\n<blockquote><p>Una de las representaciones m\u00e1s relevantes del patrimonio vivo de M\u00e9xico y del mundo, y como una de las expresiones culturales m\u00e1s antiguas y de mayor fuerza entre los grupos ind\u00edgenas del pa\u00eds.<\/p><\/blockquote>\n<p>Y el escrito oficial de <strong>Unesco<\/strong> dice:<\/p>\n<blockquote><p>Ese encuentro anual entre las personas que la celebran y sus antepasados, desempe\u00f1a una funci\u00f3n social que recuerda el lugar del individuo en el seno del grupo y contribuye a la afirmaci\u00f3n de la identidad&#8230;<\/p><\/blockquote>\n<p>Un gesto de grande gentileza humana \u00e9sta asignaci\u00f3n y nombramiento honor\u00edfico.<\/p>\n<h3 class=\"hs-amarillas h-m\"><span class=\"ez-toc-section\" id=\"%C2%BFCual_es_el_objetivo_del_Festejo\"><\/span>\u00bfCu\u00e1l es el objetivo del Festejo?<span class=\"ez-toc-section-end\"><\/span><\/h3>\n<p>El evento importante y Festival de Tradicional con tema de la Vida y Muerte el objetivo es recordar y venerar a sus muertos, a los difuntos importantes de cada familia o incluso personajes de la historia que han dejado huella en su camino.<\/p>\n<h2><span class=\"ez-toc-section\" id=\"Como_se_celebra_el_dia_de_muertos\"><\/span>Como se celebra el d\u00eda de muertos<span class=\"ez-toc-section-end\"><\/span><\/h2>\n<p>Actualmente nos es com\u00fan los <strong>Altares, Ofrendas, Panteones, Calaveras literarias. Calaveritas de az\u00facar, M\u00fasica, Bebidas, Pan de muerto, Flores, Retratos de los difuntos, Cirios, Velas, Cenpas\u00fachitl, Calabaza, Altar de muertos, Papel picado, Tejocote, Ca\u00f1as, Copal, Agua y Mucha Comida,<\/strong>\u00a0entre familiares, pero en las principales civilizaciones siendo mesoamericana, los aztecas y mayas, crearon un ritual alrededor del culto de los antepasados basada en la muerte, lo que fijo el precedente del actual <strong>festejo del D\u00eda de Muertos<\/strong>.<\/p>\n<h3><span class=\"ez-toc-section\" id=\"El_Altar_de_Muertos\"><\/span>El Altar de Muertos<span class=\"ez-toc-section-end\"><\/span><\/h3>\n<p>Si usted se pregunta <strong>\u00bfQu\u00e9 tiene un altar de muertos?<\/strong> Para armar un altar de muertos tradicional los componente, ingredientes, elementos y materiales son:<\/p>\n<ul>\n<li>Las<strong> flores,<\/strong> multiples flores que adornan los altares.<\/li>\n<li>La flor de <strong>Cempas\u00fachitl<\/strong>, la m\u00e1s distintiva en la decoraci\u00f3n y significado.<\/li>\n<li>Las <strong>calaveras de dulce<\/strong> o de barro en general.<\/li>\n<li>El <strong>pan de muerto<\/strong>, rico pan horneado, extra queso, mantequilla, nuez, pi\u00f1on.<\/li>\n<li>La <strong>ofrenda<\/strong> y la visita de las almas, lo que el difunto consum\u00eda en particular.<\/li>\n<li><strong>Papel picado<\/strong> con figuras de calaveras y flores.<\/li>\n<li><strong>Arco de ca\u00f1a y flores<\/strong>, el arco a la entrada del altar.<\/li>\n<li><strong>Agua<\/strong>, agua pura o bendita por la iglesia cat\u00f3lica.<\/li>\n<li><strong>Bebidas<\/strong> \u00abalcoh\u00f3licas\u00bb que brindan felicidad al camino de las almas.<\/li>\n<li><strong>Retrato de la persona<\/strong> recordada difunta ahora.<\/li>\n<li><strong>Doce cirios<\/strong>, velas importantes en los altares.<\/li>\n<li>Cruz, <strong>la cruz cat\u00f3lica<\/strong> que da bendiciones en el festejo de los muertos.<\/li>\n<li><strong>Calabaza en tacha<\/strong>, un valioso elemento.<\/li>\n<li><strong>Az\u00facar y Copal<\/strong>, ingredientes b\u00e1sicos de ofrendas.<\/li>\n<\/ul>\n<h3><span class=\"ez-toc-section\" id=\"Ciudades_y_Estados_que_lo_celebran\"><\/span>Ciudades y Estados que lo celebran<span class=\"ez-toc-section-end\"><\/span><\/h3>\n<p>Aguascalientes, Baja California, Baja California Sur, Campeche, Chiapas, Chihuahua, Coahuila de Zaragoza, Colima, Durango, Estado de Quer\u00e9taro, Guanajuato, Guerrero, Hidalgo, Jalisco, Michoac\u00e1n de Ocampo, Morelos, Nayarit, Nuevo Le\u00f3n, Oaxaca, Puebla, Quer\u00e9taro, Quintana Roo, San Luis Potos\u00ed, Sinaloa, Sonora, Tabasco, Tamaulipas, Tlaxcala, Veracruz, Yucat\u00e1n, Zacatecas, As\u00ed mismo Es celebrado en Estados Unidos, Canada, Honduras, Per\u00fa, Belice, Argentina, Bolivia, Brasil, Chile, Colombia, Costa Rica, Cuba, Ecuador, El Salvador, Guatemala, M\u00e9xico, Nicaragua, Panam\u00e1, Paraguay, Puerto Rico, Rep\u00fablica Dominicana, Uruguay y Venezuela.<\/p>\n<h2><span class=\"ez-toc-section\" id=\"Imagenes_de_la_celebracion\"><\/span>Im\u00e1genes de la celebraci\u00f3n<span class=\"ez-toc-section-end\"><\/span><\/h2>\n<p>Recopilaci\u00f3n de im\u00e1genes de la festividad y celebraci\u00f3n.<\/p>\n<h2><span class=\"ez-toc-section\" id=\"Dibujos_del_dia_de_muertos\"><\/span>Dibujos del d\u00eda de muertos<span class=\"ez-toc-section-end\"><\/span><\/h2>\n<p>Uno de los puntos destacado son los dibujos alusivos al d\u00eda de muertos, aqu\u00ed una recopilaci\u00f3n.<\/p>\n<h2><span class=\"ez-toc-section\" id=\"Panteones_de_Queretaro_2025\"><\/span>Panteones de Queretaro 2025<span class=\"ez-toc-section-end\"><\/span><\/h2>\n<hr \/>\n<h3><span class=\"ez-toc-section\" id=\"Panteon_Municipal_de_Queretaro\"><\/span>Panteon Municipal de Queretaro<span class=\"ez-toc-section-end\"><\/span><\/h3>\n<p>Cimatario, 76030 Santiago de Quer\u00e9taro, Qro.<br \/>\nAbierto ahora de Lunes a Domingo de 8:00AM a 19:00PM<br \/>\n<a href=\"https:\/\/goo.gl\/maps\/zBmv33T66ewjTQNTA\" target=\"_blank\" rel=\"noopener,nofollow noopener\">Link de Ubicaci\u00f3n en Mapa Google. Clic Mapa.<\/a><\/p>\n<hr \/>\n<h3><span class=\"ez-toc-section\" id=\"Panteon_Municipal_de_Santa_Rosa_Jauregui\"><\/span>Pante\u00f3n Municipal de Santa Rosa J\u00e1uregui<span class=\"ez-toc-section-end\"><\/span><\/h3>\n<p>Calle Cuauht\u00e9moc, Continental, 76220 Santa Rosa J\u00e1uregui, Qro.<br \/>\nAbierto ahora de Lunes a Domingo de 8:00AM a 18:00PM<br \/>\n<a href=\"https:\/\/goo.gl\/maps\/7MeUKN44bsV9KJag6\" target=\"_blank\" rel=\"noopener,nofollow noopener\">Link de Ubicaci\u00f3n en Mapa Google. Clic Mapa.<\/a><\/p>\n<hr \/>\n<h3><span class=\"ez-toc-section\" id=\"Panteon_Mompani\"><\/span>Pante\u00f3n Mompani<span class=\"ez-toc-section-end\"><\/span><\/h3>\n<p>Anillo Vial Fray Jun\u00edpero Serra, Santiago de Quer\u00e9taro, Qro.<br \/>\nAbierto ahora de Lunes a Domingo de 8:00AM a 18:00PM<br \/>\n<a href=\"https:\/\/goo.gl\/maps\/aBYGQjHaa92dtSyN6\" target=\"_blank\" rel=\"noopener,nofollow noopener\">Link de Ubicaci\u00f3n en Mapa Google. Clic Mapa.<\/a><\/p>\n<hr \/>\n<h3><span class=\"ez-toc-section\" id=\"Panteon_Municipal_San_Pedro_Martir\"><\/span>Pante\u00f3n Municipal San Pedro M\u00e1rtir<span class=\"ez-toc-section-end\"><\/span><\/h3>\n<p>Camino A San Pedro M\u00e1rtir 26, Santa Mar\u00eda Magdalena, Qro.<br \/>\nAbierto ahora de Lunes a Domingo de 8:00AM a 20:00PM<br \/>\n<a href=\"https:\/\/goo.gl\/maps\/nrpQQoTuxUYFQD3P6\" target=\"_blank\" rel=\"noopener,nofollow noopener\">Link de Ubicaci\u00f3n en Mapa Google. Clic Mapa.<\/a><\/p>\n<hr \/>\n<h3><span class=\"ez-toc-section\" id=\"Antiguo_Panteon_del_Pueblito\"><\/span>Antiguo Pante\u00f3n del Pueblito<span class=\"ez-toc-section-end\"><\/span><\/h3>\n<p>El Pueblito, 76900 El Pueblito, Qro.<br \/>\n<a href=\"https:\/\/goo.gl\/maps\/cpWs9atmkFzdtA359\" target=\"_blank\" rel=\"noopener,nofollow noopener\">Link de Ubicaci\u00f3n en Mapa Google. Clic Mapa.<\/a><\/p>\n<hr \/>\n<h3><span class=\"ez-toc-section\" id=\"Panteon_Municipal_de_Santa_Barbara\"><\/span>Pante\u00f3n Municipal de Santa Barbara<span class=\"ez-toc-section-end\"><\/span><\/h3>\n<p>Carr. Huimilpan-Coroneo 2, Panorama, 76900 El Pueblito, Qro.<br \/>\n01 442 467 1269<br \/>\nAbierto ahora de Lunes a Domingo de 8:00AM a 18:00PM<br \/>\n<a href=\"https:\/\/goo.gl\/maps\/VMGhZ6ddAJ5dvNux8\" target=\"_blank\" rel=\"noopener,nofollow noopener\">Link de Ubicaci\u00f3n en Mapa Google. Clic Mapa.<\/a><\/p>\n<hr \/>\n<h3><span class=\"ez-toc-section\" id=\"Panteon_Jardines_de_la_Esperanza\"><\/span>Pante\u00f3n Jardines de la Esperanza<span class=\"ez-toc-section-end\"><\/span><\/h3>\n<p>20\u00b030&#8217;N 100\u00b019&#8217;W, Calle 57 Nte 0, 40, Qro.<br \/>\nAbierto ahora de Lunes a Domingo de 8:00AM a 18:00PM<br \/>\n<a href=\"https:\/\/goo.gl\/maps\/Ggvzf3nRCXTjqG8X8\" target=\"_blank\" rel=\"noopener,nofollow noopener\">Link de Ubicaci\u00f3n en Mapa Google. Clic Mapa.<\/a><\/p>\n<hr \/>\n<h3><span class=\"ez-toc-section\" id=\"Cementerio_Municipal\"><\/span>Cementerio Municipal<span class=\"ez-toc-section-end\"><\/span><\/h3>\n<p>76146, Del Ferrocarril 70, El Bosque, 76146 Santiago de Quer\u00e9taro, Qro.<br \/>\n<a href=\"https:\/\/goo.gl\/maps\/s5nMDhiGgtGMcTzW6\" target=\"_blank\" rel=\"noopener,nofollow noopener\">Link de Ubicaci\u00f3n en Mapa Google. Clic Mapa.<\/a><\/p>\n<hr \/>\n<p>Si usted desea agregar alguna informaci\u00f3n a este post del festejo del\u00a0 1 de noviembre, con gusto comp\u00e1rtanos su aporte.<\/p>\n<p><iframe src=\"https:\/\/www.youtube.com\/embed\/jbkXh1FObxg\" width=\"100%\" height=\"450\" frameborder=\"0\" allowfullscreen=\"allowfullscreen\"><\/iframe><\/p>\n<p><iframe src=\"https:\/\/www.youtube.com\/embed\/DvnIVVNeswE\" width=\"100%\" height=\"450\" frameborder=\"0\" allowfullscreen=\"allowfullscreen\"><\/iframe><\/p>\n","protected":false},"excerpt":{"rendered":"<p>\u00bfQu\u00e9 es el D\u00eda de Muertos? Uno de los d\u00edas m\u00e1s importantes del Pa\u00eds de M\u00e9xico, el d\u00eda de muertos [&hellip;]<\/p>\n","protected":false},"author":1,"featured_media":117,"comment_status":"closed","ping_status":"open","sticky":false,"template":"","format":"standard","meta":{"site-sidebar-layout":"default","site-content-layout":"","ast-site-content-layout":"default","site-content-style":"default","site-sidebar-style":"default","ast-global-header-display":"","ast-banner-title-visibility":"","ast-main-header-display":"","ast-hfb-above-header-display":"","ast-hfb-below-header-display":"","ast-hfb-mobile-header-display":"","site-post-title":"","ast-breadcrumbs-content":"","ast-featured-img":"","footer-sml-layout":"","theme-transparent-header-meta":"default","adv-header-id-meta":"","stick-header-meta":"","header-above-stick-meta":"","header-main-stick-meta":"","header-below-stick-meta":"","astra-migrate-meta-layouts":"set","ast-page-background-enabled":"default","ast-page-background-meta":{"desktop":{"background-color":"var(--ast-global-color-4)","background-image":"","background-repeat":"repeat","background-position":"center center","background-size":"auto","background-attachment":"scroll","background-type":"","background-media":"","overlay-type":"","overlay-color":"","overlay-opacity":"","overlay-gradient":""},"tablet":{"background-color":"","background-image":"","background-repeat":"repeat","background-position":"center center","background-size":"auto","background-attachment":"scroll","background-type":"","background-media":"","overlay-type":"","overlay-color":"","overlay-opacity":"","overlay-gradient":""},"mobile":{"background-color":"","background-image":"","background-repeat":"repeat","background-position":"center center","background-size":"auto","background-attachment":"scroll","background-type":"","background-media":"","overlay-type":"","overlay-color":"","overlay-opacity":"","overlay-gradient":""}},"ast-content-background-meta":{"desktop":{"background-color":"var(--ast-global-color-5)","background-image":"","background-repeat":"repeat","background-position":"center center","background-size":"auto","background-attachment":"scroll","background-type":"","background-media":"","overlay-type":"","overlay-color":"","overlay-opacity":"","overlay-gradient":""},"tablet":{"background-color":"var(--ast-global-color-5)","background-image":"","background-repeat":"repeat","background-position":"center center","background-size":"auto","background-attachment":"scroll","background-type":"","background-media":"","overlay-type":"","overlay-color":"","overlay-opacity":"","overlay-gradient":""},"mobile":{"background-color":"var(--ast-global-color-5)","background-image":"","background-repeat":"repeat","background-position":"center center","background-size":"auto","background-attachment":"scroll","background-type":"","background-media":"","overlay-type":"","overlay-color":"","overlay-opacity":"","overlay-gradient":""}},"footnotes":""},"categories":[2],"tags":[],"class_list":["post-116","post","type-post","status-publish","format-standard","has-post-thumbnail","hentry","category-eventos"],"aioseo_notices":[],"_links":{"self":[{"href":"https:\/\/queretaro10.com\/eventos\/wp-json\/wp\/v2\/posts\/116","targetHints":{"allow":["GET"]}}],"collection":[{"href":"https:\/\/queretaro10.com\/eventos\/wp-json\/wp\/v2\/posts"}],"about":[{"href":"https:\/\/queretaro10.com\/eventos\/wp-json\/wp\/v2\/types\/post"}],"author":[{"embeddable":true,"href":"https:\/\/queretaro10.com\/eventos\/wp-json\/wp\/v2\/users\/1"}],"replies":[{"embeddable":true,"href":"https:\/\/queretaro10.com\/eventos\/wp-json\/wp\/v2\/comments?post=116"}],"version-history":[{"count":5,"href":"https:\/\/queretaro10.com\/eventos\/wp-json\/wp\/v2\/posts\/116\/revisions"}],"predecessor-version":[{"id":691,"href":"https:\/\/queretaro10.com\/eventos\/wp-json\/wp\/v2\/posts\/116\/revisions\/691"}],"wp:featuredmedia":[{"embeddable":true,"href":"https:\/\/queretaro10.com\/eventos\/wp-json\/wp\/v2\/media\/117"}],"wp:attachment":[{"href":"https:\/\/queretaro10.com\/eventos\/wp-json\/wp\/v2\/media?parent=116"}],"wp:term":[{"taxonomy":"category","embeddable":true,"href":"https:\/\/queretaro10.com\/eventos\/wp-json\/wp\/v2\/categories?post=116"},{"taxonomy":"post_tag","embeddable":true,"href":"https:\/\/queretaro10.com\/eventos\/wp-json\/wp\/v2\/tags?post=116"}],"curies":[{"name":"wp","href":"https:\/\/api.w.org\/{rel}","templated":true}]}}