{"id":267,"date":"2017-11-17T23:42:49","date_gmt":"2017-11-17T23:42:49","guid":{"rendered":"http:\/\/queretaro10.com\/?p=3308"},"modified":"2025-01-24T07:41:27","modified_gmt":"2025-01-24T07:41:27","slug":"trovafest-queretaro","status":"publish","type":"post","link":"https:\/\/queretaro10.com\/eventos\/trovafest-queretaro\/","title":{"rendered":"TrovaFest Quer\u00e9taro 7 y 8 Diciembre Plaza Fundadores 2025"},"content":{"rendered":"<div id=\"ez-toc-container\" class=\"ez-toc-v2_0_74 ez-toc-wrap-center counter-hierarchy ez-toc-counter ez-toc-white ez-toc-container-direction\">\n<div class=\"ez-toc-title-container\">\n<p class=\"ez-toc-title\" style=\"cursor:inherit\">Contenido<\/p>\n<span class=\"ez-toc-title-toggle\"><a href=\"#\" class=\"ez-toc-pull-right ez-toc-btn ez-toc-btn-xs ez-toc-btn-default ez-toc-toggle\" aria-label=\"Alternar tabla de contenidos\"><span class=\"ez-toc-js-icon-con\"><span class=\"\"><span class=\"eztoc-hide\" style=\"display:none;\">Toggle<\/span><span class=\"ez-toc-icon-toggle-span\"><svg style=\"fill: #999;color:#999\" xmlns=\"http:\/\/www.w3.org\/2000\/svg\" class=\"list-377408\" width=\"20px\" height=\"20px\" viewBox=\"0 0 24 24\" fill=\"none\"><path d=\"M6 6H4v2h2V6zm14 0H8v2h12V6zM4 11h2v2H4v-2zm16 0H8v2h12v-2zM4 16h2v2H4v-2zm16 0H8v2h12v-2z\" fill=\"currentColor\"><\/path><\/svg><svg style=\"fill: #999;color:#999\" class=\"arrow-unsorted-368013\" xmlns=\"http:\/\/www.w3.org\/2000\/svg\" width=\"10px\" height=\"10px\" viewBox=\"0 0 24 24\" version=\"1.2\" baseProfile=\"tiny\"><path d=\"M18.2 9.3l-6.2-6.3-6.2 6.3c-.2.2-.3.4-.3.7s.1.5.3.7c.2.2.4.3.7.3h11c.3 0 .5-.1.7-.3.2-.2.3-.5.3-.7s-.1-.5-.3-.7zM5.8 14.7l6.2 6.3 6.2-6.3c.2-.2.3-.5.3-.7s-.1-.5-.3-.7c-.2-.2-.4-.3-.7-.3h-11c-.3 0-.5.1-.7.3-.2.2-.3.5-.3.7s.1.5.3.7z\"\/><\/svg><\/span><\/span><\/span><\/a><\/span><\/div>\n<nav><ul class='ez-toc-list ez-toc-list-level-1 ' ><li class='ez-toc-page-1 ez-toc-heading-level-2'><a class=\"ez-toc-link ez-toc-heading-1\" href=\"https:\/\/queretaro10.com\/eventos\/trovafest-queretaro\/#Fecha_del_Festival_de_Trova_2025\" >Fecha del Festival de Trova 2025<\/a><ul class='ez-toc-list-level-3' ><li class='ez-toc-heading-level-3'><a class=\"ez-toc-link ez-toc-heading-2\" href=\"https:\/\/queretaro10.com\/eventos\/trovafest-queretaro\/#7_y_8_de_Diciembre\" >7 y 8 de Diciembre<\/a><\/li><\/ul><\/li><li class='ez-toc-page-1 ez-toc-heading-level-2'><a class=\"ez-toc-link ez-toc-heading-3\" href=\"https:\/\/queretaro10.com\/eventos\/trovafest-queretaro\/#Programa_de_Cantautores_en_Escena\" >Programa de Cantautores en Escena<\/a><ul class='ez-toc-list-level-3' ><li class='ez-toc-heading-level-3'><a class=\"ez-toc-link ez-toc-heading-4\" href=\"https:\/\/queretaro10.com\/eventos\/trovafest-queretaro\/#SABADO_07_DE_DICIEMBRE\" >S\u00c1BADO 07 DE DICIEMBRE<\/a><\/li><li class='ez-toc-page-1 ez-toc-heading-level-3'><a class=\"ez-toc-link ez-toc-heading-5\" href=\"https:\/\/queretaro10.com\/eventos\/trovafest-queretaro\/#DOMINGO_08_DE_DICIEMBRE\" >DOMINGO 08 DE DICIEMBRE<\/a><\/li><\/ul><\/li><li class='ez-toc-page-1 ez-toc-heading-level-2'><a class=\"ez-toc-link ez-toc-heading-6\" href=\"https:\/\/queretaro10.com\/eventos\/trovafest-queretaro\/#Organizacion_del_Trovafest_2025\" >Organizaci\u00f3n del Trovafest 2025<\/a><\/li><li class='ez-toc-page-1 ez-toc-heading-level-2'><a class=\"ez-toc-link ez-toc-heading-7\" href=\"https:\/\/queretaro10.com\/eventos\/trovafest-queretaro\/#Ubicacion_Plaza_Fundadores\" >Ubicaci\u00f3n Plaza Fundadores<\/a><\/li><li class='ez-toc-page-1 ez-toc-heading-level-2'><a class=\"ez-toc-link ez-toc-heading-8\" href=\"https:\/\/queretaro10.com\/eventos\/trovafest-queretaro\/#Videos_Relacionados_al_Trovafest_2025\" >Videos Relacionados al Trovafest 2025<\/a><\/li><\/ul><\/nav><\/div>\n<h2><span class=\"ez-toc-section\" id=\"Fecha_del_Festival_de_Trova_2025\"><\/span>Fecha del Festival de Trova 2025<span class=\"ez-toc-section-end\"><\/span><\/h2>\n<h3><span class=\"ez-toc-section\" id=\"7_y_8_de_Diciembre\"><\/span><strong>7 y 8 de Diciembre<\/strong><span class=\"ez-toc-section-end\"><\/span><\/h3>\n<p>Es ahora la mejor presentaci\u00f3n de trovadores de Latinoam\u00e9rica la cual se reunir\u00e1 en el sexto <strong>Trovafest 2025<\/strong> el 7 y 8 de Diciembre en <strong>Plaza Fundadores (Quer\u00e9taro).<\/strong>\u00a0\u00a1\u00a1ENTRADA LIBRE!!<\/p>\n<h2><span class=\"ez-toc-section\" id=\"Programa_de_Cantautores_en_Escena\"><\/span>Programa de Cantautores en Escena<span class=\"ez-toc-section-end\"><\/span><\/h2>\n<p>20 artistas, de ocho pa\u00edses, Dijo el Presidente Municipal: <span style=\"color: #333333;\"><span style=\"color: #333399;\"><em>\u00abHaremos del Trovafest un evento internacional que har\u00e1 la diferencia, para podamos disfrutar de los espacios p\u00fablicos acompa\u00f1ados de artistas de talla internacional de la trova\u201d<\/em><\/span>,<\/span> expres\u00f3 <strong>Lic.\u00a0Luis Nava<\/strong>.<\/p>\n<h3><span class=\"ez-toc-section\" id=\"SABADO_07_DE_DICIEMBRE\"><\/span><strong>S\u00c1BADO 07 DE DICIEMBRE<\/strong><span class=\"ez-toc-section-end\"><\/span><\/h3>\n<p>15:10 \u2013 15:55 Hrs: Bego Cors<br \/>\n16:00 \u2013 16:45 Hrs: Ale Z\u00e9guer<br \/>\n16:50 \u2013 17:35 Hrs: Rodrigo Rojas \u2013 Carlos Carreira<br \/>\n17:40 \u2013 18:25 Hrs: Alejandro Garcia \u201cVirulo\u201d<br \/>\n18:30 \u2013 19:15 Hrs: Manuel Garc\u00eda<br \/>\n19:20 \u2013 20:05 Hrs: Diego Ojeda \u2013 Edgar Oceransky<br \/>\n20:10 \u2013 20:55 Hrs: Fernando Delgadillo Oficial<br \/>\n21:00 \u2013 21:45 Hrs: GianMarco<br \/>\n22:00 \u2013 23:30 Hrs: Andr\u00e9s Cepeda<\/p>\n<h3><span class=\"ez-toc-section\" id=\"DOMINGO_08_DE_DICIEMBRE\"><\/span><strong>DOMINGO 08 DE DICIEMBRE<\/strong><span class=\"ez-toc-section-end\"><\/span><\/h3>\n<p>15:10 \u2013 15:55 Hrs: Adryanna<br \/>\n16:00 \u2013 16:45 Hrs: Juan Carre\u00f3n<br \/>\n16:50 \u2013 17:35 Hrs: Gerardo Pablo<br \/>\n17:40 \u2013 18:25 Hrs: Loli Molina<br \/>\n18:30 \u2013 19:15 Hrs: KURT<br \/>\n19:20 \u2013 20:05 Hrs: Nacho Llantada y Mauricio S\u00e1nchez<br \/>\n20:10 \u2013 20:55 Hrs: Hayd\u00e9e Milan\u00e9s<br \/>\n21:00 \u2013 21:45 Hrs: Carlos Varela<br \/>\n22:00 \u2013 23:30 Hrs: Pablo Milan\u00e9s<\/p>\n<figure id=\"attachment_268\" aria-describedby=\"caption-attachment-268\" style=\"width: 474px\" class=\"wp-caption aligncenter\"><img fetchpriority=\"high\" decoding=\"async\" class=\"size-full wp-image-268\" src=\"https:\/\/queretaro10.com\/eventos\/wp-content\/uploads\/2017\/11\/Trova-Fest-Programa-Queretaro-2019-2min.png\" alt=\"\" width=\"474\" height=\"246\" srcset=\"https:\/\/queretaro10.com\/eventos\/wp-content\/uploads\/2017\/11\/Trova-Fest-Programa-Queretaro-2019-2min.png 474w, https:\/\/queretaro10.com\/eventos\/wp-content\/uploads\/2017\/11\/Trova-Fest-Programa-Queretaro-2019-2min-300x156.png 300w\" sizes=\"(max-width: 474px) 100vw, 474px\" \/><figcaption id=\"caption-attachment-268\" class=\"wp-caption-text\">Trova Fest Festival en Quer\u00e9taro<\/figcaption><\/figure>\n<h2><span class=\"ez-toc-section\" id=\"Organizacion_del_Trovafest_2025\"><\/span><span class=\"color_11\">Organizaci\u00f3n del Trovafest 2025<\/span><span class=\"ez-toc-section-end\"><\/span><\/h2>\n<p><strong>El Sr. Edgar Oceransky<\/strong>, cantautor y ademas organizador del <strong>Trovafest 2025<\/strong>, dio gracias el inter\u00e9s y trabajo conjunto del municipio de Quer\u00e9taro por apoyar este evento que lograr\u00e1 asistencia de m\u00e1s de 30 mil personas durante ese excelente fin de semana, donde se disfrutar\u00e1n los conciertos en<strong>\u00a0Plaza Fundadores.<\/strong><\/p>\n<h2><span class=\"ez-toc-section\" id=\"Ubicacion_Plaza_Fundadores\"><\/span>Ubicaci\u00f3n Plaza Fundadores<span class=\"ez-toc-section-end\"><\/span><\/h2>\n<p>Cerca del Centro de Quer\u00e9taro en la direcci\u00f3n\u00a0Prolongaci\u00f3n Independencia Sur n, La Santa Cruz, Centro, 76000 Santiago de Quer\u00e9taro, Qro.<\/p>\n<p><iframe style=\"border: 0;\" src=\"https:\/\/www.google.com\/maps\/embed?pb=!1m18!1m12!1m3!1d3734.8943397149633!2d-100.38496511661104!3d20.592372115263576!2m3!1f0!2f0!3f0!3m2!1i1024!2i768!4f13.1!3m3!1m2!1s0x85d35b2d992fe5ab%3A0x61ae0df6925efc05!2sPlaza%20de%20Los%20Fundadores!5e0!3m2!1ses!2smx!4v1573447391615!5m2!1ses!2smx\" width=\"100%\" height=\"450\" frameborder=\"0\" allowfullscreen=\"allowfullscreen\"><span data-mce-type=\"bookmark\" style=\"display: inline-block; width: 0px; overflow: hidden; line-height: 0;\" class=\"mce_SELRES_start\">\ufeff<\/span><\/iframe><\/p>\n<h2><span class=\"ez-toc-section\" id=\"Videos_Relacionados_al_Trovafest_2025\"><\/span>Videos Relacionados al Trovafest 2025<span class=\"ez-toc-section-end\"><\/span><\/h2>\n<p><iframe src=\"https:\/\/www.youtube.com\/embed\/yvnPH_jRafQ\" width=\"100%\" height=\"450\" frameborder=\"0\" allowfullscreen=\"allowfullscreen\"><\/iframe><\/p>\n<p><iframe src=\"https:\/\/www.youtube.com\/embed\/-PqSi8j7lsY\" width=\"100%\" height=\"450\" frameborder=\"0\" allowfullscreen=\"allowfullscreen\"><\/iframe><\/p>\n","protected":false},"excerpt":{"rendered":"<p>Fecha del Festival de Trova 2025 7 y 8 de Diciembre Es ahora la mejor presentaci\u00f3n de trovadores de Latinoam\u00e9rica [&hellip;]<\/p>\n","protected":false},"author":1,"featured_media":269,"comment_status":"open","ping_status":"open","sticky":false,"template":"","format":"standard","meta":{"site-sidebar-layout":"default","site-content-layout":"","ast-site-content-layout":"default","site-content-style":"default","site-sidebar-style":"default","ast-global-header-display":"","ast-banner-title-visibility":"","ast-main-header-display":"","ast-hfb-above-header-display":"","ast-hfb-below-header-display":"","ast-hfb-mobile-header-display":"","site-post-title":"","ast-breadcrumbs-content":"","ast-featured-img":"","footer-sml-layout":"","theme-transparent-header-meta":"default","adv-header-id-meta":"","stick-header-meta":"","header-above-stick-meta":"","header-main-stick-meta":"","header-below-stick-meta":"","astra-migrate-meta-layouts":"set","ast-page-background-enabled":"default","ast-page-background-meta":{"desktop":{"background-color":"var(--ast-global-color-4)","background-image":"","background-repeat":"repeat","background-position":"center center","background-size":"auto","background-attachment":"scroll","background-type":"","background-media":"","overlay-type":"","overlay-color":"","overlay-opacity":"","overlay-gradient":""},"tablet":{"background-color":"","background-image":"","background-repeat":"repeat","background-position":"center center","background-size":"auto","background-attachment":"scroll","background-type":"","background-media":"","overlay-type":"","overlay-color":"","overlay-opacity":"","overlay-gradient":""},"mobile":{"background-color":"","background-image":"","background-repeat":"repeat","background-position":"center center","background-size":"auto","background-attachment":"scroll","background-type":"","background-media":"","overlay-type":"","overlay-color":"","overlay-opacity":"","overlay-gradient":""}},"ast-content-background-meta":{"desktop":{"background-color":"var(--ast-global-color-5)","background-image":"","background-repeat":"repeat","background-position":"center center","background-size":"auto","background-attachment":"scroll","background-type":"","background-media":"","overlay-type":"","overlay-color":"","overlay-opacity":"","overlay-gradient":""},"tablet":{"background-color":"var(--ast-global-color-5)","background-image":"","background-repeat":"repeat","background-position":"center center","background-size":"auto","background-attachment":"scroll","background-type":"","background-media":"","overlay-type":"","overlay-color":"","overlay-opacity":"","overlay-gradient":""},"mobile":{"background-color":"var(--ast-global-color-5)","background-image":"","background-repeat":"repeat","background-position":"center center","background-size":"auto","background-attachment":"scroll","background-type":"","background-media":"","overlay-type":"","overlay-color":"","overlay-opacity":"","overlay-gradient":""}},"footnotes":""},"categories":[2],"tags":[],"class_list":["post-267","post","type-post","status-publish","format-standard","has-post-thumbnail","hentry","category-eventos"],"aioseo_notices":[],"_links":{"self":[{"href":"https:\/\/queretaro10.com\/eventos\/wp-json\/wp\/v2\/posts\/267","targetHints":{"allow":["GET"]}}],"collection":[{"href":"https:\/\/queretaro10.com\/eventos\/wp-json\/wp\/v2\/posts"}],"about":[{"href":"https:\/\/queretaro10.com\/eventos\/wp-json\/wp\/v2\/types\/post"}],"author":[{"embeddable":true,"href":"https:\/\/queretaro10.com\/eventos\/wp-json\/wp\/v2\/users\/1"}],"replies":[{"embeddable":true,"href":"https:\/\/queretaro10.com\/eventos\/wp-json\/wp\/v2\/comments?post=267"}],"version-history":[{"count":4,"href":"https:\/\/queretaro10.com\/eventos\/wp-json\/wp\/v2\/posts\/267\/revisions"}],"predecessor-version":[{"id":716,"href":"https:\/\/queretaro10.com\/eventos\/wp-json\/wp\/v2\/posts\/267\/revisions\/716"}],"wp:featuredmedia":[{"embeddable":true,"href":"https:\/\/queretaro10.com\/eventos\/wp-json\/wp\/v2\/media\/269"}],"wp:attachment":[{"href":"https:\/\/queretaro10.com\/eventos\/wp-json\/wp\/v2\/media?parent=267"}],"wp:term":[{"taxonomy":"category","embeddable":true,"href":"https:\/\/queretaro10.com\/eventos\/wp-json\/wp\/v2\/categories?post=267"},{"taxonomy":"post_tag","embeddable":true,"href":"https:\/\/queretaro10.com\/eventos\/wp-json\/wp\/v2\/tags?post=267"}],"curies":[{"name":"wp","href":"https:\/\/api.w.org\/{rel}","templated":true}]}}