{"id":270,"date":"2017-08-18T23:22:05","date_gmt":"2017-08-18T23:22:05","guid":{"rendered":"http:\/\/queretaro10.com\/?p=197"},"modified":"2025-01-24T07:44:23","modified_gmt":"2025-01-24T07:44:23","slug":"fiestas-de-semana-santa-en-queretaro","status":"publish","type":"post","link":"https:\/\/queretaro10.com\/eventos\/fiestas-de-semana-santa-en-queretaro\/","title":{"rendered":"Fiestas de Semana Santa en Quer\u00e9taro 2025"},"content":{"rendered":"<p>La ciudad de Quer\u00e9taro se caracteriza por mantener muy bien las tradiciones vivas en Semana Santa, siempre podemos ver un buen ejemplo de ello, es muy recomendable que vivas \u00e9sta experiencia, en \u00e9ste a\u00f1o es excelente para vengas a vivirlo a Quer\u00e9taro.<\/p>\n<div id=\"ez-toc-container\" class=\"ez-toc-v2_0_74 ez-toc-wrap-center counter-hierarchy ez-toc-counter ez-toc-white ez-toc-container-direction\">\n<div class=\"ez-toc-title-container\">\n<p class=\"ez-toc-title\" style=\"cursor:inherit\">Contenido<\/p>\n<span class=\"ez-toc-title-toggle\"><a href=\"#\" class=\"ez-toc-pull-right ez-toc-btn ez-toc-btn-xs ez-toc-btn-default ez-toc-toggle\" aria-label=\"Alternar tabla de contenidos\"><span class=\"ez-toc-js-icon-con\"><span class=\"\"><span class=\"eztoc-hide\" style=\"display:none;\">Toggle<\/span><span class=\"ez-toc-icon-toggle-span\"><svg style=\"fill: #999;color:#999\" xmlns=\"http:\/\/www.w3.org\/2000\/svg\" class=\"list-377408\" width=\"20px\" height=\"20px\" viewBox=\"0 0 24 24\" fill=\"none\"><path d=\"M6 6H4v2h2V6zm14 0H8v2h12V6zM4 11h2v2H4v-2zm16 0H8v2h12v-2zM4 16h2v2H4v-2zm16 0H8v2h12v-2z\" fill=\"currentColor\"><\/path><\/svg><svg style=\"fill: #999;color:#999\" class=\"arrow-unsorted-368013\" xmlns=\"http:\/\/www.w3.org\/2000\/svg\" width=\"10px\" height=\"10px\" viewBox=\"0 0 24 24\" version=\"1.2\" baseProfile=\"tiny\"><path d=\"M18.2 9.3l-6.2-6.3-6.2 6.3c-.2.2-.3.4-.3.7s.1.5.3.7c.2.2.4.3.7.3h11c.3 0 .5-.1.7-.3.2-.2.3-.5.3-.7s-.1-.5-.3-.7zM5.8 14.7l6.2 6.3 6.2-6.3c.2-.2.3-.5.3-.7s-.1-.5-.3-.7c-.2-.2-.4-.3-.7-.3h-11c-.3 0-.5.1-.7.3-.2.2-.3.5-.3.7s.1.5.3.7z\"\/><\/svg><\/span><\/span><\/span><\/a><\/span><\/div>\n<nav><ul class='ez-toc-list ez-toc-list-level-1 ' ><li class='ez-toc-page-1 ez-toc-heading-level-2'><a class=\"ez-toc-link ez-toc-heading-1\" href=\"https:\/\/queretaro10.com\/eventos\/fiestas-de-semana-santa-en-queretaro\/#Dias_y_Fechas_de_Semana_Santa_2025\" >D\u00edas y Fechas de Semana Santa 2025<\/a><\/li><li class='ez-toc-page-1 ez-toc-heading-level-2'><a class=\"ez-toc-link ez-toc-heading-2\" href=\"https:\/\/queretaro10.com\/eventos\/fiestas-de-semana-santa-en-queretaro\/#Domingo_de_Ramos_2025\" >Domingo de Ramos 2025<\/a><\/li><li class='ez-toc-page-1 ez-toc-heading-level-2'><a class=\"ez-toc-link ez-toc-heading-3\" href=\"https:\/\/queretaro10.com\/eventos\/fiestas-de-semana-santa-en-queretaro\/#Jueves_Santo_2025\" >Jueves Santo 2025<\/a><ul class='ez-toc-list-level-3' ><li class='ez-toc-heading-level-3'><a class=\"ez-toc-link ez-toc-heading-4\" href=\"https:\/\/queretaro10.com\/eventos\/fiestas-de-semana-santa-en-queretaro\/#Visita_de_los_7_altares\" >Visita de los 7 altares<\/a><\/li><\/ul><\/li><li class='ez-toc-page-1 ez-toc-heading-level-2'><a class=\"ez-toc-link ez-toc-heading-5\" href=\"https:\/\/queretaro10.com\/eventos\/fiestas-de-semana-santa-en-queretaro\/#Procesion_de_Cristos\" >Procesi\u00f3n de Cristos<\/a><\/li><li class='ez-toc-page-1 ez-toc-heading-level-2'><a class=\"ez-toc-link ez-toc-heading-6\" href=\"https:\/\/queretaro10.com\/eventos\/fiestas-de-semana-santa-en-queretaro\/#Viernes_Santo\" >Viernes Santo<\/a><ul class='ez-toc-list-level-3' ><li class='ez-toc-heading-level-3'><a class=\"ez-toc-link ez-toc-heading-7\" href=\"https:\/\/queretaro10.com\/eventos\/fiestas-de-semana-santa-en-queretaro\/#Toliman\" >Tolim\u00e1n<\/a><\/li><li class='ez-toc-page-1 ez-toc-heading-level-3'><a class=\"ez-toc-link ez-toc-heading-8\" href=\"https:\/\/queretaro10.com\/eventos\/fiestas-de-semana-santa-en-queretaro\/#El_Pueblito_Corregidora\" >El Pueblito, Corregidora.<\/a><\/li><li class='ez-toc-page-1 ez-toc-heading-level-3'><a class=\"ez-toc-link ez-toc-heading-9\" href=\"https:\/\/queretaro10.com\/eventos\/fiestas-de-semana-santa-en-queretaro\/#El_Marques\" >El Marqu\u00e9s<\/a><\/li><li class='ez-toc-page-1 ez-toc-heading-level-3'><a class=\"ez-toc-link ez-toc-heading-10\" href=\"https:\/\/queretaro10.com\/eventos\/fiestas-de-semana-santa-en-queretaro\/#San_Joaquin\" >San Joaqu\u00edn<\/a><\/li><\/ul><\/li><li class='ez-toc-page-1 ez-toc-heading-level-2'><a class=\"ez-toc-link ez-toc-heading-11\" href=\"https:\/\/queretaro10.com\/eventos\/fiestas-de-semana-santa-en-queretaro\/#Procesion_del_Silencio\" >Procesi\u00f3n del Silencio<\/a><ul class='ez-toc-list-level-3' ><li class='ez-toc-heading-level-3'><a class=\"ez-toc-link ez-toc-heading-12\" href=\"https:\/\/queretaro10.com\/eventos\/fiestas-de-semana-santa-en-queretaro\/#Centro_Historico_Santiago_de_Queretaro\" >Centro Hist\u00f3rico, Santiago de Quer\u00e9taro.<\/a><\/li><\/ul><\/li><li class='ez-toc-page-1 ez-toc-heading-level-2'><a class=\"ez-toc-link ez-toc-heading-13\" href=\"https:\/\/queretaro10.com\/eventos\/fiestas-de-semana-santa-en-queretaro\/#Sabado_de_Gloria\" >S\u00e1bado de Gloria<\/a><ul class='ez-toc-list-level-3' ><li class='ez-toc-heading-level-3'><a class=\"ez-toc-link ez-toc-heading-14\" href=\"https:\/\/queretaro10.com\/eventos\/fiestas-de-semana-santa-en-queretaro\/#Centro_Historico_Santiago_de_Queretaro-2\" >Centro Hist\u00f3rico, Santiago de Quer\u00e9taro.<\/a><\/li><\/ul><\/li><li class='ez-toc-page-1 ez-toc-heading-level-2'><a class=\"ez-toc-link ez-toc-heading-15\" href=\"https:\/\/queretaro10.com\/eventos\/fiestas-de-semana-santa-en-queretaro\/#Vacaciones_Escolares_en_La_Semana_Santa\" >Vacaciones Escolares en La Semana Santa<\/a><\/li><\/ul><\/nav><\/div>\n<h2><span class=\"ez-toc-section\" id=\"Dias_y_Fechas_de_Semana_Santa_2025\"><\/span>D\u00edas y Fechas de Semana Santa 2025<span class=\"ez-toc-section-end\"><\/span><\/h2>\n<p>Desde: <strong>domingo 2 de abril.<\/strong><\/p>\n<div>Hasta: <strong>s\u00e1bado 8 de abril.<\/strong><\/div>\n<p>Las fechas a detalle de\u00a0<strong>semana santa en todo M\u00e9xico son<\/strong>:<\/p>\n<ul class=\"i8Z77e\">\n<li>2 de abril &#8211; <strong>Domingo de Ramos<\/strong><\/li>\n<li>3 de abril &#8211; <strong>Lunes Santo<\/strong><\/li>\n<li>4 de abril &#8211; <strong>Martes Santo<\/strong><\/li>\n<li>5 de abril &#8211; <strong>Mi\u00e9rcoles Santo<\/strong><\/li>\n<li>6 de abril &#8211; <strong>Jueves Santo<\/strong><\/li>\n<li>7 de abril &#8211; <strong>Viernes Santo<\/strong><\/li>\n<li>8 de abril &#8211; <strong>S\u00e1bado de Gloria<\/strong><\/li>\n<li>9 de abril &#8211; <strong>Domingo de Resurrecci\u00f3n<\/strong><\/li>\n<\/ul>\n<div class=\"ast-oembed-container \" style=\"height: 100%;\"><iframe title=\"Semana Santa 2023: cu\u00e1ndo inician las vacaciones\" width=\"500\" height=\"281\" src=\"https:\/\/www.youtube.com\/embed\/cQO-T0q79Jk?feature=oembed\" frameborder=\"0\" allow=\"accelerometer; autoplay; clipboard-write; encrypted-media; gyroscope; picture-in-picture; web-share\" referrerpolicy=\"strict-origin-when-cross-origin\" allowfullscreen><\/iframe><\/div>\n<p>La celebraci\u00f3n de la \u201cSemana Mayor\u201d abarca todo el Estado, aunque cada Municipio agrega su propio sabor, paisajes y costumbres, los escenarios cambian pero representan la misma fe y el dolor de un pueblo religioso.<\/p>\n<p>La\u00a0<strong><a href=\"https:\/\/es.wikipedia.org\/wiki\/Semana_Santa\" target=\"_blank\" rel=\"noopener\">Semana Santa<\/a><\/strong>\u00a0es la \u00faltima semana de la Cuaresma, comprende desde el Domingo de Ramos hasta el Domingo de Resurrecci\u00f3n. Es un periodo de la liturgia cat\u00f3lica en la que recordamos la pasi\u00f3n, muerte y resurrecci\u00f3n de Jes\u00fas. Su representaci\u00f3n despierta fuertes emociones y sin duda conmueve a todos los espectadores. En estos d\u00edas, algunos de los Templos de Quer\u00e9taro complementan sus actividades con los Conciertos de M\u00fasica Sacra, los cuales se realizan con la participaci\u00f3n de algunos coros como el del Conservatorio del Estado; el Templo de San Antonio y el de La Congregaci\u00f3n, se destacan por tener conciertos realmente espectaculares.<\/p>\n<h2><span class=\"ez-toc-section\" id=\"Domingo_de_Ramos_2025\"><\/span>Domingo de Ramos 2025<span class=\"ez-toc-section-end\"><\/span><\/h2>\n<p>En este d\u00eda podemos encontrar que en las iglesias y templos se venden \u201cpalmas\u201d, este d\u00eda hace referencia a la entrada de Jes\u00fas a Galilea entre v\u00edtores y palmas.<\/p>\n<p>En El Pueblito, como se conoce a la cabecera municipal de Corregidora, se encuentra el Santuario dedicado a la Virgen del Pueblito, su atrio se ve congregado por vendedores de palma trenzada con formas de cruz, c\u00e1lices, de la Virgen de Guadalupe, entre otras; que la gente compra para que sean bendecidas en la misa.<\/p>\n<p>En la Ciudad de Quer\u00e9taro, el lugar m\u00e1s tradicional para acudir a comprar y bendecir las palmas, es el Templo de la Santa Cruz, pues aqu\u00ed se coloca el mayor n\u00famero de vendedores y por su gran tradici\u00f3n religiosa es uno de los lugares m\u00e1s visitados. Dentro del templo se encuentra el antiguo Convento, donde la gente pasa a visitar el claustro, su mayor atractivo es el famoso \u00e1rbol de las espinas en forma de cruz y el \u00faltimo arco del a\u00f1ejo acueducto.<\/p>\n<p>Frente al convento, en la Plaza de los fundadores, tambi\u00e9n se colocan los puestos de Judas, en los cuales pueden adquirirse nuestros populares charritos panzones, diablitos, luchadores o la figura de alg\u00fan pol\u00edtico de moda que quemaremos el siguiente s\u00e1bado.<\/p>\n<figure id=\"attachment_274\" aria-describedby=\"caption-attachment-274\" style=\"width: 696px\" class=\"wp-caption aligncenter\"><img fetchpriority=\"high\" decoding=\"async\" class=\"size-full wp-image-274\" src=\"https:\/\/queretaro10.com\/eventos\/wp-content\/uploads\/2017\/08\/noticia-fiesta-semana-santa-queretaro-6.jpg\" alt=\"noticia-fiesta-semana-santa-queretaro-6\" width=\"696\" height=\"416\" srcset=\"https:\/\/queretaro10.com\/eventos\/wp-content\/uploads\/2017\/08\/noticia-fiesta-semana-santa-queretaro-6.jpg 696w, https:\/\/queretaro10.com\/eventos\/wp-content\/uploads\/2017\/08\/noticia-fiesta-semana-santa-queretaro-6-300x179.jpg 300w\" sizes=\"(max-width: 696px) 100vw, 696px\" \/><figcaption id=\"caption-attachment-274\" class=\"wp-caption-text\">noticia-fiesta-semana-santa-queretaro-6<\/figcaption><\/figure>\n<h2><span class=\"ez-toc-section\" id=\"Jueves_Santo_2025\"><\/span>Jueves Santo 2025<span class=\"ez-toc-section-end\"><\/span><\/h2>\n<h3><span class=\"ez-toc-section\" id=\"Visita_de_los_7_altares\"><\/span>Visita de los 7 altares<span class=\"ez-toc-section-end\"><\/span><\/h3>\n<p>El trayecto que Cristo recorri\u00f3 antes de su crucifixi\u00f3n es recordada por esta tradicional visita, en la que cientos de personas acuden a los principales templos y parroquias de Quer\u00e9taro.<\/p>\n<p>Este mismo d\u00eda en algunas casas y recintos de la ciudad, sobre todo del Centro Hist\u00f3rico se puede apreciar un singular Altar dedicado a la Virgen de Dolores y se distingue por tener un sin n\u00famero de vasijas de las que sobresalen plantas de trigo de color amarillo, haciendo un bello contraste con el color morado de la escalinata en la cual se monta el Altar.<\/p>\n<p>El primer cuadro de la Ciudad se ve enmarcado con los puestos de comida y antojitos tradicionales en los que por supuesto encontramos las deliciosas enchiladas queretanas, los guajolotes o pambazos, gorditas y tacos entre otros manjares.<\/p>\n<figure id=\"attachment_275\" aria-describedby=\"caption-attachment-275\" style=\"width: 696px\" class=\"wp-caption aligncenter\"><img decoding=\"async\" class=\"size-full wp-image-275\" src=\"https:\/\/queretaro10.com\/eventos\/wp-content\/uploads\/2017\/08\/noticia-fiesta-semana-santa-queretaro-5.jpg\" alt=\"noticia-fiesta-semana-santa-queretaro-5\" width=\"696\" height=\"416\" srcset=\"https:\/\/queretaro10.com\/eventos\/wp-content\/uploads\/2017\/08\/noticia-fiesta-semana-santa-queretaro-5.jpg 696w, https:\/\/queretaro10.com\/eventos\/wp-content\/uploads\/2017\/08\/noticia-fiesta-semana-santa-queretaro-5-300x179.jpg 300w\" sizes=\"(max-width: 696px) 100vw, 696px\" \/><figcaption id=\"caption-attachment-275\" class=\"wp-caption-text\">noticia-fiesta-semana-santa-queretaro-5<\/figcaption><\/figure>\n<h2><span class=\"ez-toc-section\" id=\"Procesion_de_Cristos\"><\/span>Procesi\u00f3n de Cristos<span class=\"ez-toc-section-end\"><\/span><\/h2>\n<p>En el Municipio de Caderyta de Montes se encuentra a tan solo 40 min en direcci\u00f3n noreste de la capital del Estado.<\/p>\n<p>El Jueves Santo por la tarde, se lleva a cabo una singular procesi\u00f3n de Cristos por las calles, un desfile que culmina en la Parroquia de San Pedro y San Pablo donde se ofrece una misa en la que se bendicen las im\u00e1genes y se representa el lavatorio de los pies que hizo Jes\u00fas a los ap\u00f3stoles.<\/p>\n<p>La singularidad de esta procesi\u00f3n consiste en que casi todos los pobladores salen a las calles cargando sus im\u00e1genes religiosas, que van desde muy peque\u00f1as hasta unas majestuosas que sobrepasan inclusive a las que se encuentran en las iglesias.<\/p>\n<p>La m\u00fasica de una banda de viento anuncia la procesi\u00f3n, los peque\u00f1os tambores y flautas tambi\u00e9n son parte de los participantes, el ambiente se ve armonizado con el caracter\u00edstico olor del copal quemado.<\/p>\n<figure id=\"attachment_276\" aria-describedby=\"caption-attachment-276\" style=\"width: 696px\" class=\"wp-caption aligncenter\"><img decoding=\"async\" class=\"size-full wp-image-276\" src=\"https:\/\/queretaro10.com\/eventos\/wp-content\/uploads\/2017\/08\/noticia-fiesta-semana-santa-queretaro-4.jpg\" alt=\"noticia-fiesta-semana-santa-queretaro-4\" width=\"696\" height=\"416\" srcset=\"https:\/\/queretaro10.com\/eventos\/wp-content\/uploads\/2017\/08\/noticia-fiesta-semana-santa-queretaro-4.jpg 696w, https:\/\/queretaro10.com\/eventos\/wp-content\/uploads\/2017\/08\/noticia-fiesta-semana-santa-queretaro-4-300x179.jpg 300w\" sizes=\"(max-width: 696px) 100vw, 696px\" \/><figcaption id=\"caption-attachment-276\" class=\"wp-caption-text\">noticia-fiesta-semana-santa-queretaro-4<\/figcaption><\/figure>\n<h2><span class=\"ez-toc-section\" id=\"Viernes_Santo\"><\/span>Viernes Santo<span class=\"ez-toc-section-end\"><\/span><\/h2>\n<p>Este d\u00eda se lleva a cabo la representaci\u00f3n de Las Tres Ca\u00eddas, que dramatiza el recorrido que hizo Jes\u00fas antes de ser crucificado.<\/p>\n<p>En todos los Municipios podemos admirar el V\u00eda Crucis, aunque en algunos su tradici\u00f3n y fervor por este acto es impresionante.<\/p>\n<h3><span class=\"ez-toc-section\" id=\"Toliman\"><\/span>Tolim\u00e1n<span class=\"ez-toc-section-end\"><\/span><\/h3>\n<p>En esta peque\u00f1a poblaci\u00f3n, situada a unos 82 km de la capital queretana, la representaci\u00f3n de la pasi\u00f3n de Cristo comienza en el atrio del templo, una vez que Barrab\u00e1s es liberado y Jes\u00fas es condenado a la crucifixi\u00f3n, la procesi\u00f3n emprende un recorrido por las calles aleda\u00f1as al jard\u00edn principal para subir hasta El Calvario, un cerro con una altura considerable.<\/p>\n<p>El lastimoso y acalorado ascenso del contingente que acompa\u00f1a a Jes\u00fas, es detenido \u00fanicamente por las Tres Ca\u00eddas, para llegar hasta la cima donde comienza el penoso capitulo que culmina con Cristo crucificado con los dos ladrones a su lado. Una vez que se han pronunciado las famosas siete palabras y que Jes\u00fas ha muerto; Dimas y Gestas son colocados en unas sencillas camillas para ser traslados hasta una peque\u00f1a capilla en la falda del cerro.<\/p>\n<h3><span class=\"ez-toc-section\" id=\"El_Pueblito_Corregidora\"><\/span>El Pueblito, Corregidora.<span class=\"ez-toc-section-end\"><\/span><\/h3>\n<p>El venerado Santuario del Pueblito y la Parroqu\u00eda de San Francisco Galileo, localizada en el Jard\u00edn Principal, son testigos de la escenificaci\u00f3n de la Pasi\u00f3n y Muerte de Jesucristo que se lleva a cabo por parte de grupos teatrales y fieles. Los habitantes del pueblo se re\u00fanen, participando en las celebraciones religiosas y en el reparto de atole, calabaza, nopales y camarones, que son tradicionales en esta fecha.<\/p>\n<h3><span class=\"ez-toc-section\" id=\"El_Marques\"><\/span>El Marqu\u00e9s<span class=\"ez-toc-section-end\"><\/span><\/h3>\n<p>Los Tribunales de Jes\u00fas A.C. organiza y representa, entre otros acontecimientos, la \u00daltima Cena, las 14 Estaciones, las Tres Ca\u00eddas, las Siete Palabras y la Resurrecci\u00f3n.<\/p>\n<p>El V\u00eda Crucis viviente comienza a las dos y media de la tarde en la plaza principal y termina, despu\u00e9s de pasar por el barrio de San Antonio, en la cima del cerro del G\u00f3lgota.<\/p>\n<h3><span class=\"ez-toc-section\" id=\"San_Joaquin\"><\/span>San Joaqu\u00edn<span class=\"ez-toc-section-end\"><\/span><\/h3>\n<p>El Viernes Santo 50 actores realizan el tradicional V\u00eda Crucis. La ceremonia viviente comienza a las 10 de la ma\u00f1ana en la explanada de la Presidencia Municipal, y culmina en el Mirador la Crucita, donde se realiza la crucifixi\u00f3n. Las fiestas concluyen el Domingo de Resurrecci\u00f3n con el tradicional Concurso de Baile Endiablado, evento que se realiza a las tres de la tarde en la misma explanada.<\/p>\n<figure id=\"attachment_277\" aria-describedby=\"caption-attachment-277\" style=\"width: 696px\" class=\"wp-caption aligncenter\"><img loading=\"lazy\" decoding=\"async\" class=\"size-full wp-image-277\" src=\"https:\/\/queretaro10.com\/eventos\/wp-content\/uploads\/2017\/08\/noticia-fiesta-semana-santa-queretaro-3.jpg\" alt=\"noticia-fiesta-semana-santa-queretaro-3\" width=\"696\" height=\"416\" srcset=\"https:\/\/queretaro10.com\/eventos\/wp-content\/uploads\/2017\/08\/noticia-fiesta-semana-santa-queretaro-3.jpg 696w, https:\/\/queretaro10.com\/eventos\/wp-content\/uploads\/2017\/08\/noticia-fiesta-semana-santa-queretaro-3-300x179.jpg 300w\" sizes=\"(max-width: 696px) 100vw, 696px\" \/><figcaption id=\"caption-attachment-277\" class=\"wp-caption-text\">noticia-fiesta-semana-santa-queretaro-3<\/figcaption><\/figure>\n<h2><span class=\"ez-toc-section\" id=\"Procesion_del_Silencio\"><\/span>Procesi\u00f3n del Silencio<span class=\"ez-toc-section-end\"><\/span><\/h2>\n<h3><span class=\"ez-toc-section\" id=\"Centro_Historico_Santiago_de_Queretaro\"><\/span>Centro Hist\u00f3rico, Santiago de Quer\u00e9taro.<span class=\"ez-toc-section-end\"><\/span><\/h3>\n<p>Al llegar la tarde y concluida la emotiva representaci\u00f3n de la pasi\u00f3n y muerte de Jes\u00fas, los queretanos y visitantes se congregan en las principales calles del primer cuadro de la Ciudad para presenciar la Procesi\u00f3n del Silencio, una tradici\u00f3n que lleva m\u00e1s de 30 a\u00f1os en la que hermandades y cofrad\u00edas realizan un recorrido por las calles del Centro Hist\u00f3rico para manifestar su dolor por la muerte de Cristo.<\/p>\n<p>Este quiz\u00e1 es el acto m\u00e1s conocido de todos los de Semana Santa en Quer\u00e9taro; el desfile comienza desde el Convento de la Cruz; una larga procesi\u00f3n de fieles recorre las principales calles del centro de la ciudad para volver ya noche al punto de origen. Participan en este acto religioso miles de queretanos que se retiran del mundo desde el mi\u00e9rcoles anterior dentro del convento del que partir\u00e1 la procesi\u00f3n. Varias cofrad\u00edas religiosas de toda la ciudad participan cargando im\u00e1genes de la pasi\u00f3n de Jes\u00fas, seguidas por decenas de an\u00f3nimos penitentes que cargan sendas cruces de madera o arrastran cadenas. El recorrido los retorna al convento, del cual saldr\u00e1n hasta el s\u00e1bado de gloria.<\/p>\n<figure id=\"attachment_279\" aria-describedby=\"caption-attachment-279\" style=\"width: 696px\" class=\"wp-caption aligncenter\"><img loading=\"lazy\" decoding=\"async\" class=\"size-full wp-image-279\" src=\"https:\/\/queretaro10.com\/eventos\/wp-content\/uploads\/2017\/08\/noticia-fiesta-semana-santa-queretaro-1.jpg\" alt=\"noticia-fiesta-semana-santa-queretaro-1\" width=\"696\" height=\"416\" srcset=\"https:\/\/queretaro10.com\/eventos\/wp-content\/uploads\/2017\/08\/noticia-fiesta-semana-santa-queretaro-1.jpg 696w, https:\/\/queretaro10.com\/eventos\/wp-content\/uploads\/2017\/08\/noticia-fiesta-semana-santa-queretaro-1-300x179.jpg 300w\" sizes=\"(max-width: 696px) 100vw, 696px\" \/><figcaption id=\"caption-attachment-279\" class=\"wp-caption-text\">noticia-fiesta-semana-santa-queretaro-1<\/figcaption><\/figure>\n<h2><span class=\"ez-toc-section\" id=\"Sabado_de_Gloria\"><\/span>S\u00e1bado de Gloria<span class=\"ez-toc-section-end\"><\/span><\/h2>\n<h3><span class=\"ez-toc-section\" id=\"Centro_Historico_Santiago_de_Queretaro-2\"><\/span>Centro Hist\u00f3rico, Santiago de Quer\u00e9taro.<span class=\"ez-toc-section-end\"><\/span><\/h3>\n<p>Por la ma\u00f1ana, a eso de las 10:30 hrs y tambi\u00e9n en la ciudad de Quer\u00e9taro, tiene lugar la V\u00eda Matrix o V\u00eda dolorosa, el recorrido que se hace con la imagen de la Virgen Mar\u00eda por las mismas estaciones que Jes\u00fas pasara con su cruz en el camino al Calvario. Durante esta peque\u00f1a procesi\u00f3n acompa\u00f1an a la virgen los doce ap\u00f3stoles y mujeres vestidas a la usanza de entonces, portando en cojines los instrumentos de dolor de Jes\u00fas, como la cuerda con que lo flagelaron, los clavos y el martillo con que fuera clavado en la cruz, y por supuesto la tr\u00e1gica corona de espinas. Alrededor del mediod\u00eda, la procesi\u00f3n llega a su fin justo en las afueras del templo del Convento de la Santa Cruz de los Milagros.<\/p>\n<p>Cercana la noche y en un ambiente ya de m\u00e1s fiesta y regocijo, se lleva a cabo la tradicional quema de Judas, figuras de cart\u00f3n fabricadas generalmente durante la Cuaresma y que representan sobre todo a los siete pecados capitales; y aunque seg\u00fan la tradici\u00f3n deben quemarse en la plaza principal, poco a poco se ha perdido la costumbre y la gente prefiere quemarlos en sus hogares.<\/p>\n<p>Con esto terminan las representaciones de la Semana Santa, las que a pesar de realizarse en buena parte del territorio nacional, en cada estado muestra particularidades que las diferencian, y Quer\u00e9taro ofrece un espect\u00e1culo realmente impresionante que aunado a la magnificencia de su historia y arquitectura aseguran una estancia placentera.<\/p>\n<figure id=\"attachment_278\" aria-describedby=\"caption-attachment-278\" style=\"width: 696px\" class=\"wp-caption aligncenter\"><img loading=\"lazy\" decoding=\"async\" class=\"size-full wp-image-278\" src=\"https:\/\/queretaro10.com\/eventos\/wp-content\/uploads\/2017\/08\/noticia-fiesta-semana-santa-queretaro-2.jpg\" alt=\"noticia-fiesta-semana-santa-queretaro-2\" width=\"696\" height=\"416\" srcset=\"https:\/\/queretaro10.com\/eventos\/wp-content\/uploads\/2017\/08\/noticia-fiesta-semana-santa-queretaro-2.jpg 696w, https:\/\/queretaro10.com\/eventos\/wp-content\/uploads\/2017\/08\/noticia-fiesta-semana-santa-queretaro-2-300x179.jpg 300w\" sizes=\"(max-width: 696px) 100vw, 696px\" \/><figcaption id=\"caption-attachment-278\" class=\"wp-caption-text\">noticia-fiesta-semana-santa-queretaro-2<\/figcaption><\/figure>\n<h2><span class=\"ez-toc-section\" id=\"Vacaciones_Escolares_en_La_Semana_Santa\"><\/span>Vacaciones Escolares en La Semana Santa<span class=\"ez-toc-section-end\"><\/span><\/h2>\n<p>El calendario escolar en M\u00e9xico marca las fechas como vacaciones escolares.<\/p>\n<figure id=\"attachment_271\" aria-describedby=\"caption-attachment-271\" style=\"width: 550px\" class=\"wp-caption aligncenter\"><img loading=\"lazy\" decoding=\"async\" class=\"size-full wp-image-271\" src=\"https:\/\/queretaro10.com\/eventos\/wp-content\/uploads\/2017\/08\/vacaciones-escolares-semana-santa-2023.jpeg\" alt=\"\" width=\"550\" height=\"566\" srcset=\"https:\/\/queretaro10.com\/eventos\/wp-content\/uploads\/2017\/08\/vacaciones-escolares-semana-santa-2023.jpeg 550w, https:\/\/queretaro10.com\/eventos\/wp-content\/uploads\/2017\/08\/vacaciones-escolares-semana-santa-2023-292x300.jpeg 292w\" sizes=\"(max-width: 550px) 100vw, 550px\" \/><figcaption id=\"caption-attachment-271\" class=\"wp-caption-text\">Calendario vacaciones escolares semana santa<\/figcaption><\/figure>\n<p><iframe src=\"https:\/\/www.youtube.com\/embed\/cZvhzppxhW0\" width=\"100%\" height=\"450\" frameborder=\"0\" allowfullscreen=\"allowfullscreen\"><\/iframe><\/p>\n<p><iframe src=\"https:\/\/www.youtube.com\/embed\/g9NOqOlpV0o\" width=\"100%\" height=\"450\" frameborder=\"0\" allowfullscreen=\"allowfullscreen\"><\/iframe><\/p>\n","protected":false},"excerpt":{"rendered":"<p>La ciudad de Quer\u00e9taro se caracteriza por mantener muy bien las tradiciones vivas en Semana Santa, siempre podemos ver un [&hellip;]<\/p>\n","protected":false},"author":1,"featured_media":273,"comment_status":"open","ping_status":"open","sticky":false,"template":"","format":"standard","meta":{"site-sidebar-layout":"default","site-content-layout":"","ast-site-content-layout":"default","site-content-style":"default","site-sidebar-style":"default","ast-global-header-display":"","ast-banner-title-visibility":"","ast-main-header-display":"","ast-hfb-above-header-display":"","ast-hfb-below-header-display":"","ast-hfb-mobile-header-display":"","site-post-title":"","ast-breadcrumbs-content":"","ast-featured-img":"","footer-sml-layout":"","theme-transparent-header-meta":"default","adv-header-id-meta":"","stick-header-meta":"","header-above-stick-meta":"","header-main-stick-meta":"","header-below-stick-meta":"","astra-migrate-meta-layouts":"set","ast-page-background-enabled":"default","ast-page-background-meta":{"desktop":{"background-color":"var(--ast-global-color-4)","background-image":"","background-repeat":"repeat","background-position":"center center","background-size":"auto","background-attachment":"scroll","background-type":"","background-media":"","overlay-type":"","overlay-color":"","overlay-opacity":"","overlay-gradient":""},"tablet":{"background-color":"","background-image":"","background-repeat":"repeat","background-position":"center center","background-size":"auto","background-attachment":"scroll","background-type":"","background-media":"","overlay-type":"","overlay-color":"","overlay-opacity":"","overlay-gradient":""},"mobile":{"background-color":"","background-image":"","background-repeat":"repeat","background-position":"center center","background-size":"auto","background-attachment":"scroll","background-type":"","background-media":"","overlay-type":"","overlay-color":"","overlay-opacity":"","overlay-gradient":""}},"ast-content-background-meta":{"desktop":{"background-color":"var(--ast-global-color-5)","background-image":"","background-repeat":"repeat","background-position":"center center","background-size":"auto","background-attachment":"scroll","background-type":"","background-media":"","overlay-type":"","overlay-color":"","overlay-opacity":"","overlay-gradient":""},"tablet":{"background-color":"var(--ast-global-color-5)","background-image":"","background-repeat":"repeat","background-position":"center center","background-size":"auto","background-attachment":"scroll","background-type":"","background-media":"","overlay-type":"","overlay-color":"","overlay-opacity":"","overlay-gradient":""},"mobile":{"background-color":"var(--ast-global-color-5)","background-image":"","background-repeat":"repeat","background-position":"center center","background-size":"auto","background-attachment":"scroll","background-type":"","background-media":"","overlay-type":"","overlay-color":"","overlay-opacity":"","overlay-gradient":""}},"footnotes":""},"categories":[2],"tags":[],"class_list":["post-270","post","type-post","status-publish","format-standard","has-post-thumbnail","hentry","category-eventos"],"aioseo_notices":[],"_links":{"self":[{"href":"https:\/\/queretaro10.com\/eventos\/wp-json\/wp\/v2\/posts\/270","targetHints":{"allow":["GET"]}}],"collection":[{"href":"https:\/\/queretaro10.com\/eventos\/wp-json\/wp\/v2\/posts"}],"about":[{"href":"https:\/\/queretaro10.com\/eventos\/wp-json\/wp\/v2\/types\/post"}],"author":[{"embeddable":true,"href":"https:\/\/queretaro10.com\/eventos\/wp-json\/wp\/v2\/users\/1"}],"replies":[{"embeddable":true,"href":"https:\/\/queretaro10.com\/eventos\/wp-json\/wp\/v2\/comments?post=270"}],"version-history":[{"count":7,"href":"https:\/\/queretaro10.com\/eventos\/wp-json\/wp\/v2\/posts\/270\/revisions"}],"predecessor-version":[{"id":717,"href":"https:\/\/queretaro10.com\/eventos\/wp-json\/wp\/v2\/posts\/270\/revisions\/717"}],"wp:featuredmedia":[{"embeddable":true,"href":"https:\/\/queretaro10.com\/eventos\/wp-json\/wp\/v2\/media\/273"}],"wp:attachment":[{"href":"https:\/\/queretaro10.com\/eventos\/wp-json\/wp\/v2\/media?parent=270"}],"wp:term":[{"taxonomy":"category","embeddable":true,"href":"https:\/\/queretaro10.com\/eventos\/wp-json\/wp\/v2\/categories?post=270"},{"taxonomy":"post_tag","embeddable":true,"href":"https:\/\/queretaro10.com\/eventos\/wp-json\/wp\/v2\/tags?post=270"}],"curies":[{"name":"wp","href":"https:\/\/api.w.org\/{rel}","templated":true}]}}