{"id":644,"date":"2024-09-30T05:41:39","date_gmt":"2024-09-30T05:41:39","guid":{"rendered":"https:\/\/queretaro10.com\/eventos\/?p=644"},"modified":"2025-01-24T06:03:09","modified_gmt":"2025-01-24T06:03:09","slug":"festival-del-vino-queretano","status":"publish","type":"post","link":"https:\/\/queretaro10.com\/eventos\/festival-del-vino-queretano\/","title":{"rendered":"4to Festival del Vino Queretano 2025"},"content":{"rendered":"<p>El 4.\u00ba Festival del Vino Queretano te invita a disfrutar de una experiencia incre\u00edble del mejor vino de Quer\u00e9taro, m\u00fasica en vivo, deliciosos platillos locales y talleres \u00fanicos. Donde encontraras en un solo lugar m\u00e1s de 200 etiquetas de diversos proyectos vin\u00edcolas queretanos. Desde una cata exclusiva hasta jornadas que te llevar\u00e1n al mundo del vino con ponencias, masterclasses y m\u00e1s. Los boletos ya est\u00e1n disponibles en e-ticket y en nuestras sucursales participantes.<\/p>\n<div id=\"ez-toc-container\" class=\"ez-toc-v2_0_74 ez-toc-wrap-center counter-hierarchy ez-toc-counter ez-toc-white ez-toc-container-direction\">\n<div class=\"ez-toc-title-container\">\n<p class=\"ez-toc-title\" style=\"cursor:inherit\">Contenido<\/p>\n<span class=\"ez-toc-title-toggle\"><a href=\"#\" class=\"ez-toc-pull-right ez-toc-btn ez-toc-btn-xs ez-toc-btn-default ez-toc-toggle\" aria-label=\"Alternar tabla de contenidos\"><span class=\"ez-toc-js-icon-con\"><span class=\"\"><span class=\"eztoc-hide\" style=\"display:none;\">Toggle<\/span><span class=\"ez-toc-icon-toggle-span\"><svg style=\"fill: #999;color:#999\" xmlns=\"http:\/\/www.w3.org\/2000\/svg\" class=\"list-377408\" width=\"20px\" height=\"20px\" viewBox=\"0 0 24 24\" fill=\"none\"><path d=\"M6 6H4v2h2V6zm14 0H8v2h12V6zM4 11h2v2H4v-2zm16 0H8v2h12v-2zM4 16h2v2H4v-2zm16 0H8v2h12v-2z\" fill=\"currentColor\"><\/path><\/svg><svg style=\"fill: #999;color:#999\" class=\"arrow-unsorted-368013\" xmlns=\"http:\/\/www.w3.org\/2000\/svg\" width=\"10px\" height=\"10px\" viewBox=\"0 0 24 24\" version=\"1.2\" baseProfile=\"tiny\"><path d=\"M18.2 9.3l-6.2-6.3-6.2 6.3c-.2.2-.3.4-.3.7s.1.5.3.7c.2.2.4.3.7.3h11c.3 0 .5-.1.7-.3.2-.2.3-.5.3-.7s-.1-.5-.3-.7zM5.8 14.7l6.2 6.3 6.2-6.3c.2-.2.3-.5.3-.7s-.1-.5-.3-.7c-.2-.2-.4-.3-.7-.3h-11c-.3 0-.5.1-.7.3-.2.2-.3.5-.3.7s.1.5.3.7z\"\/><\/svg><\/span><\/span><\/span><\/a><\/span><\/div>\n<nav><ul class='ez-toc-list ez-toc-list-level-1 ' ><li class='ez-toc-page-1 ez-toc-heading-level-2'><a class=\"ez-toc-link ez-toc-heading-1\" href=\"https:\/\/queretaro10.com\/eventos\/festival-del-vino-queretano\/#Fecha_viernes_4_5_y_6_de_octubre_de_2025_12_00_HRS\" >Fecha: viernes, 4, 5 y 6 de octubre de 2025 12:00 HRS<\/a><\/li><li class='ez-toc-page-1 ez-toc-heading-level-2'><a class=\"ez-toc-link ez-toc-heading-2\" href=\"https:\/\/queretaro10.com\/eventos\/festival-del-vino-queretano\/#Comprar_Boletos_4to_Festival_del_Vino_Queretano_2025\" >Comprar Boletos 4to Festival del Vino Queretano 2025<\/a><\/li><li class='ez-toc-page-1 ez-toc-heading-level-2'><a class=\"ez-toc-link ez-toc-heading-3\" href=\"https:\/\/queretaro10.com\/eventos\/festival-del-vino-queretano\/#Jornadas_Tecnicas_2025\" >Jornadas T\u00e9cnicas 2025<\/a><\/li><li class='ez-toc-page-1 ez-toc-heading-level-2'><a class=\"ez-toc-link ez-toc-heading-4\" href=\"https:\/\/queretaro10.com\/eventos\/festival-del-vino-queretano\/#Programa_Artistico_Cultural_2025\" >Programa Art\u00edstico Cultural 2025<\/a><ul class='ez-toc-list-level-3' ><li class='ez-toc-heading-level-3'><a class=\"ez-toc-link ez-toc-heading-5\" href=\"https:\/\/queretaro10.com\/eventos\/festival-del-vino-queretano\/#Galeria_4to_Festival_del_Vino_Queretano\" >Galer\u00eda 4to Festival del Vino Queretano<\/a><\/li><\/ul><\/li><li class='ez-toc-page-1 ez-toc-heading-level-2'><a class=\"ez-toc-link ez-toc-heading-6\" href=\"https:\/\/queretaro10.com\/eventos\/festival-del-vino-queretano\/#Ubicacion_de_4to_Festival_del_Vino_Queretano_2025\" >Ubicaci\u00f3n de 4to Festival del Vino Queretano 2025<\/a><\/li><\/ul><\/nav><\/div>\n<h2><span class=\"ez-toc-section\" id=\"Fecha_viernes_4_5_y_6_de_octubre_de_2025_12_00_HRS\"><\/span>Fecha: viernes, 4, 5 y 6 de octubre de 2025 12:00 HRS<span class=\"ez-toc-section-end\"><\/span><\/h2>\n<p>P\u00e1gina Oficial: <a href=\"http:\/\/cvq.mx\/\" target=\"_blank\" rel=\"nofollow noopener\">cvq.mx<\/a><\/p>\n<h2><span class=\"ez-toc-section\" id=\"Comprar_Boletos_4to_Festival_del_Vino_Queretano_2025\"><\/span>Comprar Boletos 4to Festival del Vino Queretano 2025<span class=\"ez-toc-section-end\"><\/span><\/h2>\n<p><a href=\"https:\/\/www.eticket.mx\/eventos.aspx?idlugar=1210\" target=\"_blank\" rel=\"nofollow noopener\">Comprar Boletos<\/a><br \/>\n<a href=\"https:\/\/www.eticket.mx\/eventos.aspx?idartista=3871\" target=\"_blank\" rel=\"nofollow noopener\">Boletos Festival del Vino<\/a><\/p>\n<h2><span class=\"ez-toc-section\" id=\"Jornadas_Tecnicas_2025\"><\/span>Jornadas T\u00e9cnicas 2025<span class=\"ez-toc-section-end\"><\/span><\/h2>\n<p><strong>Dia Viernes 4 de octubre de 2025 09:30 HRS<\/strong><br \/>\n<a href=\"https:\/\/www.eticket.mx\/masinformacion.aspx?idevento=33062\" target=\"_blank\" rel=\"nofollow noopener\">Boletos Jornada T\u00e9cnica Acad\u00e9mica<\/a><br \/>\n<a href=\"https:\/\/www.eticket.mx\/masinformacion.aspx?idevento=33061\" target=\"_blank\" rel=\"nofollow noopener\">Boletos Cata Champagne &amp; Espumosos<\/a><\/p>\n<ul>\n<li>9:30 &#8211; Inauguraci\u00f3n Jornada T\u00e9cnica<\/li>\n<li>10:00 &#8211; Ponencia \u201cCreaci\u00f3n de Indicaci\u00f3n Geogr\u00e1fica y Proyecto de Zonificaci\u00f3n Quer\u00e9taro\u201d &#8211; Mar\u00eda de la Soledad de Rio &amp; Lluis Ravent\u00f3s<\/li>\n<li>11:00 &#8211; Ponencia \u201cComo darle Identidad a la gastronom\u00eda de una regi\u00f3n de vinos\u201d &#8211; Olivia Gonz\u00e1lez, Rectora IGES Universidad.<\/li>\n<li>12:00 &#8211; Ponencia \u201cComo hacer llegar el vino p\u00fablico al p\u00fablico joven a trav\u00e9s de RR.SS\u201d &#8211; Marta Clot Garrell<\/li>\n<li>13:00 &#8211; Break<\/li>\n<li>13:30 &#8211; Ponencia \u201cAgricultura regenerativa y sustentabilidad en vi\u00f1edos\u201d &#8211; Daniela Mezzatesta.<\/li>\n<li>14:30 &#8211; MASTERCLASS \u201cVinos y Zonificaci\u00f3n\u201d &#8211; Pedro Ballesteros<\/li>\n<li>15:30 &#8211; Entrega de reconocimientos a ponentes<\/li>\n<li>15:45 &#8211; Graduaci\u00f3n EVA<\/li>\n<li>18:30 &#8211; Cata \u201cChampagne &amp; espumosos de Quer\u00e9taro\u201d &#8211; Jordi Melendo &amp; Ricardo Espindola<\/li>\n<\/ul>\n<figure id=\"attachment_659\" aria-describedby=\"caption-attachment-659\" style=\"width: 779px\" class=\"wp-caption aligncenter\"><img fetchpriority=\"high\" decoding=\"async\" class=\"size-full wp-image-659\" src=\"https:\/\/queretaro10.com\/eventos\/wp-content\/uploads\/2024\/09\/04-img-jornadas-tecnicas-festival-del-vino-queretano-queretaro10.jpg\" alt=\"Jornadas T\u00e9cnicas - 4to Festival del Vino Queretano\" width=\"779\" height=\"779\" srcset=\"https:\/\/queretaro10.com\/eventos\/wp-content\/uploads\/2024\/09\/04-img-jornadas-tecnicas-festival-del-vino-queretano-queretaro10.jpg 779w, https:\/\/queretaro10.com\/eventos\/wp-content\/uploads\/2024\/09\/04-img-jornadas-tecnicas-festival-del-vino-queretano-queretaro10-300x300.jpg 300w, https:\/\/queretaro10.com\/eventos\/wp-content\/uploads\/2024\/09\/04-img-jornadas-tecnicas-festival-del-vino-queretano-queretaro10-150x150.jpg 150w, https:\/\/queretaro10.com\/eventos\/wp-content\/uploads\/2024\/09\/04-img-jornadas-tecnicas-festival-del-vino-queretano-queretaro10-768x768.jpg 768w\" sizes=\"(max-width: 779px) 100vw, 779px\" \/><figcaption id=\"caption-attachment-659\" class=\"wp-caption-text\">Jornadas T\u00e9cnicas &#8211; 4to Festival del Vino Queretano<\/figcaption><\/figure>\n<h2><span class=\"ez-toc-section\" id=\"Programa_Artistico_Cultural_2025\"><\/span>Programa Art\u00edstico Cultural 2025<span class=\"ez-toc-section-end\"><\/span><\/h2>\n<p><strong>Dia S\u00e1bado 5 de octubre de 2025 12:00 HRS<\/strong><\/p>\n<ul>\n<li>12:00-Se Abre Puertas<\/li>\n<li>12:00-14:00 &#8211; M\u00fasica ambiental<\/li>\n<li>14:00-16:00 &#8211; Trovador Jes\u00fas Emmanuel El Trovador lujo de Qro<\/li>\n<li>16:00-17:00 &#8211; Grupo flamenco: \u201cLuna de Plata\u201d<\/li>\n<li>17:00-18:00 &#8211; Uva y Poma en Descorchadas por Alvino<\/li>\n<li>18:00-19:00 &#8211; Grupo flamenco: \u201cLuna de Plata\u201d<\/li>\n<li>19:00-20:00 &#8211; Jaleo, Arte en vivo<\/li>\n<li>20:00-21:00 &#8211; La Barrida Show<\/li>\n<li>21:00 &#8211; <strong>Cierre:<\/strong> M\u00fasica ambiental<\/li>\n<\/ul>\n<p><strong>(Horarios por confirmar por el marat\u00f3n)<\/strong><\/p>\n<p><strong>Domingo 6 de octubre de 2025 12:00 HRS<\/strong><\/p>\n<ul>\n<li>12:00-Se Abre Puertas<\/li>\n<li>12:00-14:00 &#8211; M\u00fasica ambiental<\/li>\n<li>14:00-16:00 &#8211; Trovador Jes\u00fas Emmanuel El Trovador lujo de Qro<\/li>\n<li>16:00-17:00 &#8211; Grupo flamenco: \u201cLuna de Plata\u201d<\/li>\n<li>17:00-18:00 &#8211; La Barriada Show<\/li>\n<li>18:00-19:00 &#8211; Uva y Poma en Descorchadas por Alvino<\/li>\n<li>19:00-20:00 \u2013 Gerardo Urquiza y su ballet folkl\u00f3rico<\/li>\n<li>19:00-20:00 &#8211; M\u00fasica ambiental<\/li>\n<li>20:00 &#8211; <strong>Cierre:<\/strong> M\u00fasica ambiental<\/li>\n<\/ul>\n<figure id=\"attachment_658\" aria-describedby=\"caption-attachment-658\" style=\"width: 779px\" class=\"wp-caption aligncenter\"><img decoding=\"async\" class=\"size-full wp-image-658\" src=\"https:\/\/queretaro10.com\/eventos\/wp-content\/uploads\/2024\/09\/03-img-programa-festival-del-vino-queretano-queretaro10.jpg\" alt=\"Programa Art\u00edstico Cultural - 4to Festival del Vino Queretano\" width=\"779\" height=\"779\" srcset=\"https:\/\/queretaro10.com\/eventos\/wp-content\/uploads\/2024\/09\/03-img-programa-festival-del-vino-queretano-queretaro10.jpg 779w, https:\/\/queretaro10.com\/eventos\/wp-content\/uploads\/2024\/09\/03-img-programa-festival-del-vino-queretano-queretaro10-300x300.jpg 300w, https:\/\/queretaro10.com\/eventos\/wp-content\/uploads\/2024\/09\/03-img-programa-festival-del-vino-queretano-queretaro10-150x150.jpg 150w, https:\/\/queretaro10.com\/eventos\/wp-content\/uploads\/2024\/09\/03-img-programa-festival-del-vino-queretano-queretaro10-768x768.jpg 768w\" sizes=\"(max-width: 779px) 100vw, 779px\" \/><figcaption id=\"caption-attachment-658\" class=\"wp-caption-text\">Programa Art\u00edstico Cultural &#8211; 4to Festival del Vino Queretano<\/figcaption><\/figure>\n<h3><span class=\"ez-toc-section\" id=\"Galeria_4to_Festival_del_Vino_Queretano\"><\/span>Galer\u00eda 4to Festival del Vino Queretano<span class=\"ez-toc-section-end\"><\/span><\/h3>\n<figure id=\"attachment_657\" aria-describedby=\"caption-attachment-657\" style=\"width: 779px\" class=\"wp-caption aligncenter\"><img decoding=\"async\" class=\"size-full wp-image-657\" src=\"https:\/\/queretaro10.com\/eventos\/wp-content\/uploads\/2024\/09\/02-img-poster-festival-del-vino-queretano-queretaro10.jpg\" alt=\"4to Festival del Vino Queretano\" width=\"779\" height=\"779\" srcset=\"https:\/\/queretaro10.com\/eventos\/wp-content\/uploads\/2024\/09\/02-img-poster-festival-del-vino-queretano-queretaro10.jpg 779w, https:\/\/queretaro10.com\/eventos\/wp-content\/uploads\/2024\/09\/02-img-poster-festival-del-vino-queretano-queretaro10-300x300.jpg 300w, https:\/\/queretaro10.com\/eventos\/wp-content\/uploads\/2024\/09\/02-img-poster-festival-del-vino-queretano-queretaro10-150x150.jpg 150w, https:\/\/queretaro10.com\/eventos\/wp-content\/uploads\/2024\/09\/02-img-poster-festival-del-vino-queretano-queretaro10-768x768.jpg 768w\" sizes=\"(max-width: 779px) 100vw, 779px\" \/><figcaption id=\"caption-attachment-657\" class=\"wp-caption-text\">4to Festival del Vino Queretano<\/figcaption><\/figure>\n<figure id=\"attachment_649\" aria-describedby=\"caption-attachment-649\" style=\"width: 779px\" class=\"wp-caption aligncenter\"><img loading=\"lazy\" decoding=\"async\" class=\"size-full wp-image-649\" src=\"https:\/\/queretaro10.com\/eventos\/wp-content\/uploads\/2024\/09\/05-img-maria-festival-del-vino-queretano-queretaro10.jpg\" alt=\"Ponencia Mar\u00eda de la Soledad de Rio\" width=\"779\" height=\"779\" srcset=\"https:\/\/queretaro10.com\/eventos\/wp-content\/uploads\/2024\/09\/05-img-maria-festival-del-vino-queretano-queretaro10.jpg 779w, https:\/\/queretaro10.com\/eventos\/wp-content\/uploads\/2024\/09\/05-img-maria-festival-del-vino-queretano-queretaro10-300x300.jpg 300w, https:\/\/queretaro10.com\/eventos\/wp-content\/uploads\/2024\/09\/05-img-maria-festival-del-vino-queretano-queretaro10-150x150.jpg 150w, https:\/\/queretaro10.com\/eventos\/wp-content\/uploads\/2024\/09\/05-img-maria-festival-del-vino-queretano-queretaro10-768x768.jpg 768w\" sizes=\"(max-width: 779px) 100vw, 779px\" \/><figcaption id=\"caption-attachment-649\" class=\"wp-caption-text\">Ponencia Mar\u00eda de la Soledad de Rio<\/figcaption><\/figure>\n<figure id=\"attachment_650\" aria-describedby=\"caption-attachment-650\" style=\"width: 779px\" class=\"wp-caption aligncenter\"><img loading=\"lazy\" decoding=\"async\" class=\"size-full wp-image-650\" src=\"https:\/\/queretaro10.com\/eventos\/wp-content\/uploads\/2024\/09\/06-img-lluis-festival-del-vino-queretano-queretaro10.jpg\" alt=\"Ponencia Lluis Ravent\u00f3s\" width=\"779\" height=\"779\" srcset=\"https:\/\/queretaro10.com\/eventos\/wp-content\/uploads\/2024\/09\/06-img-lluis-festival-del-vino-queretano-queretaro10.jpg 779w, https:\/\/queretaro10.com\/eventos\/wp-content\/uploads\/2024\/09\/06-img-lluis-festival-del-vino-queretano-queretaro10-300x300.jpg 300w, https:\/\/queretaro10.com\/eventos\/wp-content\/uploads\/2024\/09\/06-img-lluis-festival-del-vino-queretano-queretaro10-150x150.jpg 150w, https:\/\/queretaro10.com\/eventos\/wp-content\/uploads\/2024\/09\/06-img-lluis-festival-del-vino-queretano-queretaro10-768x768.jpg 768w\" sizes=\"(max-width: 779px) 100vw, 779px\" \/><figcaption id=\"caption-attachment-650\" class=\"wp-caption-text\">Ponencia Lluis Ravent\u00f3s<\/figcaption><\/figure>\n<figure id=\"attachment_651\" aria-describedby=\"caption-attachment-651\" style=\"width: 779px\" class=\"wp-caption aligncenter\"><img loading=\"lazy\" decoding=\"async\" class=\"size-full wp-image-651\" src=\"https:\/\/queretaro10.com\/eventos\/wp-content\/uploads\/2024\/09\/07-img-olivia-festival-del-vino-queretano-queretaro10.jpg\" alt=\"Ponencia Olivia Gonz\u00e1lez, Rectora IGES Universidad\" width=\"779\" height=\"779\" srcset=\"https:\/\/queretaro10.com\/eventos\/wp-content\/uploads\/2024\/09\/07-img-olivia-festival-del-vino-queretano-queretaro10.jpg 779w, https:\/\/queretaro10.com\/eventos\/wp-content\/uploads\/2024\/09\/07-img-olivia-festival-del-vino-queretano-queretaro10-300x300.jpg 300w, https:\/\/queretaro10.com\/eventos\/wp-content\/uploads\/2024\/09\/07-img-olivia-festival-del-vino-queretano-queretaro10-150x150.jpg 150w, https:\/\/queretaro10.com\/eventos\/wp-content\/uploads\/2024\/09\/07-img-olivia-festival-del-vino-queretano-queretaro10-768x768.jpg 768w\" sizes=\"(max-width: 779px) 100vw, 779px\" \/><figcaption id=\"caption-attachment-651\" class=\"wp-caption-text\">Ponencia Olivia Gonz\u00e1lez, Rectora IGES Universidad<\/figcaption><\/figure>\n<figure id=\"attachment_652\" aria-describedby=\"caption-attachment-652\" style=\"width: 779px\" class=\"wp-caption aligncenter\"><img loading=\"lazy\" decoding=\"async\" class=\"size-full wp-image-652\" src=\"https:\/\/queretaro10.com\/eventos\/wp-content\/uploads\/2024\/09\/08-img-marta-festival-del-vino-queretano-queretaro10.jpg\" alt=\"Ponencia Marta Clot Garrell\" width=\"779\" height=\"779\" srcset=\"https:\/\/queretaro10.com\/eventos\/wp-content\/uploads\/2024\/09\/08-img-marta-festival-del-vino-queretano-queretaro10.jpg 779w, https:\/\/queretaro10.com\/eventos\/wp-content\/uploads\/2024\/09\/08-img-marta-festival-del-vino-queretano-queretaro10-300x300.jpg 300w, https:\/\/queretaro10.com\/eventos\/wp-content\/uploads\/2024\/09\/08-img-marta-festival-del-vino-queretano-queretaro10-150x150.jpg 150w, https:\/\/queretaro10.com\/eventos\/wp-content\/uploads\/2024\/09\/08-img-marta-festival-del-vino-queretano-queretaro10-768x768.jpg 768w\" sizes=\"(max-width: 779px) 100vw, 779px\" \/><figcaption id=\"caption-attachment-652\" class=\"wp-caption-text\">Ponencia Marta Clot Garrell<\/figcaption><\/figure>\n<figure id=\"attachment_653\" aria-describedby=\"caption-attachment-653\" style=\"width: 779px\" class=\"wp-caption aligncenter\"><img loading=\"lazy\" decoding=\"async\" class=\"size-full wp-image-653\" src=\"https:\/\/queretaro10.com\/eventos\/wp-content\/uploads\/2024\/09\/09-img-pedro-festival-del-vino-queretano-queretaro10.jpg\" alt=\"Ponencia Ponencia Pedro Ballesteros\" width=\"779\" height=\"779\" srcset=\"https:\/\/queretaro10.com\/eventos\/wp-content\/uploads\/2024\/09\/09-img-pedro-festival-del-vino-queretano-queretaro10.jpg 779w, https:\/\/queretaro10.com\/eventos\/wp-content\/uploads\/2024\/09\/09-img-pedro-festival-del-vino-queretano-queretaro10-300x300.jpg 300w, https:\/\/queretaro10.com\/eventos\/wp-content\/uploads\/2024\/09\/09-img-pedro-festival-del-vino-queretano-queretaro10-150x150.jpg 150w, https:\/\/queretaro10.com\/eventos\/wp-content\/uploads\/2024\/09\/09-img-pedro-festival-del-vino-queretano-queretaro10-768x768.jpg 768w\" sizes=\"(max-width: 779px) 100vw, 779px\" \/><figcaption id=\"caption-attachment-653\" class=\"wp-caption-text\">Ponencia Ponencia Pedro Ballesteros<\/figcaption><\/figure>\n<figure id=\"attachment_654\" aria-describedby=\"caption-attachment-654\" style=\"width: 779px\" class=\"wp-caption aligncenter\"><img loading=\"lazy\" decoding=\"async\" class=\"size-full wp-image-654\" src=\"https:\/\/queretaro10.com\/eventos\/wp-content\/uploads\/2024\/09\/10-img-jordi-festival-del-vino-queretano-queretaro10.jpg\" alt=\"Ponencia Jordi Melendo\" width=\"779\" height=\"779\" srcset=\"https:\/\/queretaro10.com\/eventos\/wp-content\/uploads\/2024\/09\/10-img-jordi-festival-del-vino-queretano-queretaro10.jpg 779w, https:\/\/queretaro10.com\/eventos\/wp-content\/uploads\/2024\/09\/10-img-jordi-festival-del-vino-queretano-queretaro10-300x300.jpg 300w, https:\/\/queretaro10.com\/eventos\/wp-content\/uploads\/2024\/09\/10-img-jordi-festival-del-vino-queretano-queretaro10-150x150.jpg 150w, https:\/\/queretaro10.com\/eventos\/wp-content\/uploads\/2024\/09\/10-img-jordi-festival-del-vino-queretano-queretaro10-768x768.jpg 768w\" sizes=\"(max-width: 779px) 100vw, 779px\" \/><figcaption id=\"caption-attachment-654\" class=\"wp-caption-text\">Ponencia Jordi Melendo<\/figcaption><\/figure>\n<figure id=\"attachment_655\" aria-describedby=\"caption-attachment-655\" style=\"width: 779px\" class=\"wp-caption aligncenter\"><img loading=\"lazy\" decoding=\"async\" class=\"size-full wp-image-655\" src=\"https:\/\/queretaro10.com\/eventos\/wp-content\/uploads\/2024\/09\/11-img-ricardo-festival-del-vino-queretano-queretaro10.jpg\" alt=\"Ponencia Ricardo Espindola\" width=\"779\" height=\"779\" srcset=\"https:\/\/queretaro10.com\/eventos\/wp-content\/uploads\/2024\/09\/11-img-ricardo-festival-del-vino-queretano-queretaro10.jpg 779w, https:\/\/queretaro10.com\/eventos\/wp-content\/uploads\/2024\/09\/11-img-ricardo-festival-del-vino-queretano-queretaro10-300x300.jpg 300w, https:\/\/queretaro10.com\/eventos\/wp-content\/uploads\/2024\/09\/11-img-ricardo-festival-del-vino-queretano-queretaro10-150x150.jpg 150w, https:\/\/queretaro10.com\/eventos\/wp-content\/uploads\/2024\/09\/11-img-ricardo-festival-del-vino-queretano-queretaro10-768x768.jpg 768w\" sizes=\"(max-width: 779px) 100vw, 779px\" \/><figcaption id=\"caption-attachment-655\" class=\"wp-caption-text\">Ponencia Ricardo Espindola<\/figcaption><\/figure>\n<h2><span class=\"ez-toc-section\" id=\"Ubicacion_de_4to_Festival_del_Vino_Queretano_2025\"><\/span>Ubicaci\u00f3n de 4to Festival del Vino Queretano 2025<span class=\"ez-toc-section-end\"><\/span><\/h2>\n<p>Jos\u00e9 Mar\u00eda Arteaga 89, Centro, 76000 Santiago de Quer\u00e9taro, Qro.<\/p>\n<p><iframe style=\"border: 0;\" tabindex=\"0\" src=\"https:\/\/www.google.com\/maps\/embed?pb=!1m18!1m12!1m3!1d3734.9952692199977!2d-100.39889392065429!3d20.5882508!2m3!1f0!2f0!3f0!3m2!1i1024!2i768!4f13.1!3m3!1m2!1s0x85d3452ac6882b5b%3A0xf0104be58e87ddba!2sCEART%20%7C%20Centro%20de%20las%20Artes%20de%20Quer%C3%A9taro!5e0!3m2!1ses!2smx!4v1727659789116!5m2!1ses!2smx\" width=\"100%\" height=\"450\" frameborder=\"0\" allowfullscreen=\"allowfullscreen\" aria-hidden=\"false\"><span data-mce-type=\"bookmark\" style=\"display: inline-block; width: 0px; overflow: hidden; line-height: 0;\" class=\"mce_SELRES_start\">\ufeff<\/span><\/iframe><\/p>\n<p><iframe src=\"https:\/\/www.youtube.com\/embed\/amsBgJsbxU8\" width=\"100%\" height=\"450\" frameborder=\"0\" allowfullscreen=\"allowfullscreen\"><\/iframe><\/p>\n<p><iframe src=\"https:\/\/www.youtube.com\/embed\/DzeF7JlCXl4\" width=\"100%\" height=\"450\" frameborder=\"0\" allowfullscreen=\"allowfullscreen\"><\/iframe><\/p>\n","protected":false},"excerpt":{"rendered":"<p>El 4.\u00ba Festival del Vino Queretano te invita a disfrutar de una experiencia incre\u00edble del mejor vino de Quer\u00e9taro, m\u00fasica [&hellip;]<\/p>\n","protected":false},"author":2,"featured_media":656,"comment_status":"open","ping_status":"open","sticky":false,"template":"","format":"standard","meta":{"site-sidebar-layout":"default","site-content-layout":"","ast-site-content-layout":"default","site-content-style":"default","site-sidebar-style":"default","ast-global-header-display":"","ast-banner-title-visibility":"","ast-main-header-display":"","ast-hfb-above-header-display":"","ast-hfb-below-header-display":"","ast-hfb-mobile-header-display":"","site-post-title":"","ast-breadcrumbs-content":"","ast-featured-img":"","footer-sml-layout":"","theme-transparent-header-meta":"default","adv-header-id-meta":"","stick-header-meta":"","header-above-stick-meta":"","header-main-stick-meta":"","header-below-stick-meta":"","astra-migrate-meta-layouts":"set","ast-page-background-enabled":"default","ast-page-background-meta":{"desktop":{"background-color":"var(--ast-global-color-4)","background-image":"","background-repeat":"repeat","background-position":"center center","background-size":"auto","background-attachment":"scroll","background-type":"","background-media":"","overlay-type":"","overlay-color":"","overlay-opacity":"","overlay-gradient":""},"tablet":{"background-color":"","background-image":"","background-repeat":"repeat","background-position":"center center","background-size":"auto","background-attachment":"scroll","background-type":"","background-media":"","overlay-type":"","overlay-color":"","overlay-opacity":"","overlay-gradient":""},"mobile":{"background-color":"","background-image":"","background-repeat":"repeat","background-position":"center center","background-size":"auto","background-attachment":"scroll","background-type":"","background-media":"","overlay-type":"","overlay-color":"","overlay-opacity":"","overlay-gradient":""}},"ast-content-background-meta":{"desktop":{"background-color":"var(--ast-global-color-5)","background-image":"","background-repeat":"repeat","background-position":"center center","background-size":"auto","background-attachment":"scroll","background-type":"","background-media":"","overlay-type":"","overlay-color":"","overlay-opacity":"","overlay-gradient":""},"tablet":{"background-color":"var(--ast-global-color-5)","background-image":"","background-repeat":"repeat","background-position":"center center","background-size":"auto","background-attachment":"scroll","background-type":"","background-media":"","overlay-type":"","overlay-color":"","overlay-opacity":"","overlay-gradient":""},"mobile":{"background-color":"var(--ast-global-color-5)","background-image":"","background-repeat":"repeat","background-position":"center center","background-size":"auto","background-attachment":"scroll","background-type":"","background-media":"","overlay-type":"","overlay-color":"","overlay-opacity":"","overlay-gradient":""}},"footnotes":""},"categories":[2],"tags":[],"class_list":["post-644","post","type-post","status-publish","format-standard","has-post-thumbnail","hentry","category-eventos"],"aioseo_notices":[],"_links":{"self":[{"href":"https:\/\/queretaro10.com\/eventos\/wp-json\/wp\/v2\/posts\/644","targetHints":{"allow":["GET"]}}],"collection":[{"href":"https:\/\/queretaro10.com\/eventos\/wp-json\/wp\/v2\/posts"}],"about":[{"href":"https:\/\/queretaro10.com\/eventos\/wp-json\/wp\/v2\/types\/post"}],"author":[{"embeddable":true,"href":"https:\/\/queretaro10.com\/eventos\/wp-json\/wp\/v2\/users\/2"}],"replies":[{"embeddable":true,"href":"https:\/\/queretaro10.com\/eventos\/wp-json\/wp\/v2\/comments?post=644"}],"version-history":[{"count":12,"href":"https:\/\/queretaro10.com\/eventos\/wp-json\/wp\/v2\/posts\/644\/revisions"}],"predecessor-version":[{"id":688,"href":"https:\/\/queretaro10.com\/eventos\/wp-json\/wp\/v2\/posts\/644\/revisions\/688"}],"wp:featuredmedia":[{"embeddable":true,"href":"https:\/\/queretaro10.com\/eventos\/wp-json\/wp\/v2\/media\/656"}],"wp:attachment":[{"href":"https:\/\/queretaro10.com\/eventos\/wp-json\/wp\/v2\/media?parent=644"}],"wp:term":[{"taxonomy":"category","embeddable":true,"href":"https:\/\/queretaro10.com\/eventos\/wp-json\/wp\/v2\/categories?post=644"},{"taxonomy":"post_tag","embeddable":true,"href":"https:\/\/queretaro10.com\/eventos\/wp-json\/wp\/v2\/tags?post=644"}],"curies":[{"name":"wp","href":"https:\/\/api.w.org\/{rel}","templated":true}]}}