{"id":721,"date":"2025-03-29T21:54:33","date_gmt":"2025-03-29T21:54:33","guid":{"rendered":"https:\/\/queretaro10.com\/eventos\/?p=721"},"modified":"2025-03-29T23:07:25","modified_gmt":"2025-03-29T23:07:25","slug":"shakira","status":"publish","type":"post","link":"https:\/\/queretaro10.com\/eventos\/shakira\/","title":{"rendered":"Shakira &#8211; Las Mujeres Ya No Lloran World Tour en Quer\u00e9taro 2025"},"content":{"rendered":"<p>La cantante colombiana <strong>Shakira<\/strong> anunci\u00f3 cuatro nuevas fechas luego del \u00e9xito obtenido en <strong>M\u00e9xico<\/strong> de sus recientes presentaciones de su gira mundial \u00ab<strong>Las Mujeres Ya No Lloran<\/strong>\u00bb por lo que la <strong>Ciudad de Quer\u00e9taro<\/strong> fue seleccionada para una presentaci\u00f3n. El concierto est\u00e1 programado para el <strong>2 de septiembre de 2025<\/strong> en el <strong>Estadio Corregidora<\/strong>.<\/p>\n<div id=\"ez-toc-container\" class=\"ez-toc-v2_0_74 ez-toc-wrap-center counter-hierarchy ez-toc-counter ez-toc-white ez-toc-container-direction\">\n<div class=\"ez-toc-title-container\">\n<p class=\"ez-toc-title\" style=\"cursor:inherit\">Contenido<\/p>\n<span class=\"ez-toc-title-toggle\"><a href=\"#\" class=\"ez-toc-pull-right ez-toc-btn ez-toc-btn-xs ez-toc-btn-default ez-toc-toggle\" aria-label=\"Alternar tabla de contenidos\"><span class=\"ez-toc-js-icon-con\"><span class=\"\"><span class=\"eztoc-hide\" style=\"display:none;\">Toggle<\/span><span class=\"ez-toc-icon-toggle-span\"><svg style=\"fill: #999;color:#999\" xmlns=\"http:\/\/www.w3.org\/2000\/svg\" class=\"list-377408\" width=\"20px\" height=\"20px\" viewBox=\"0 0 24 24\" fill=\"none\"><path d=\"M6 6H4v2h2V6zm14 0H8v2h12V6zM4 11h2v2H4v-2zm16 0H8v2h12v-2zM4 16h2v2H4v-2zm16 0H8v2h12v-2z\" fill=\"currentColor\"><\/path><\/svg><svg style=\"fill: #999;color:#999\" class=\"arrow-unsorted-368013\" xmlns=\"http:\/\/www.w3.org\/2000\/svg\" width=\"10px\" height=\"10px\" viewBox=\"0 0 24 24\" version=\"1.2\" baseProfile=\"tiny\"><path d=\"M18.2 9.3l-6.2-6.3-6.2 6.3c-.2.2-.3.4-.3.7s.1.5.3.7c.2.2.4.3.7.3h11c.3 0 .5-.1.7-.3.2-.2.3-.5.3-.7s-.1-.5-.3-.7zM5.8 14.7l6.2 6.3 6.2-6.3c.2-.2.3-.5.3-.7s-.1-.5-.3-.7c-.2-.2-.4-.3-.7-.3h-11c-.3 0-.5.1-.7.3-.2.2-.3.5-.3.7s.1.5.3.7z\"\/><\/svg><\/span><\/span><\/span><\/a><\/span><\/div>\n<nav><ul class='ez-toc-list ez-toc-list-level-1 ' ><li class='ez-toc-page-1 ez-toc-heading-level-2'><a class=\"ez-toc-link ez-toc-heading-1\" href=\"https:\/\/queretaro10.com\/eventos\/shakira\/#Fecha_martes_2_de_septiembre_de_2025_21_00_HRS\" >Fecha: martes, 2 de septiembre de 2025 21:00 HRS<\/a><\/li><li class='ez-toc-page-1 ez-toc-heading-level-2'><a class=\"ez-toc-link ez-toc-heading-2\" href=\"https:\/\/queretaro10.com\/eventos\/shakira\/#%C2%BFCuando_es_la_preventa_de_boletos_para_el_concierto\" >\u00bfCu\u00e1ndo es la preventa de boletos para el concierto?<\/a><\/li><li class='ez-toc-page-1 ez-toc-heading-level-2'><a class=\"ez-toc-link ez-toc-heading-3\" href=\"https:\/\/queretaro10.com\/eventos\/shakira\/#Comprar_Boletos_Las_Mujeres_Ya_No_Lloran_World_Tour\" >Comprar Boletos Las Mujeres Ya No Lloran World Tour<\/a><ul class='ez-toc-list-level-3' ><li class='ez-toc-heading-level-3'><a class=\"ez-toc-link ez-toc-heading-4\" href=\"https:\/\/queretaro10.com\/eventos\/shakira\/#Galeria_Las_Mujeres_Ya_No_Lloran_World_Tour\" >Galer\u00eda Las Mujeres Ya No Lloran World Tour<\/a><\/li><\/ul><\/li><li class='ez-toc-page-1 ez-toc-heading-level-2'><a class=\"ez-toc-link ez-toc-heading-5\" href=\"https:\/\/queretaro10.com\/eventos\/shakira\/#TIPS_que_tienes_que_saber_antes_de_ir_a_un_concierto\" >TIPS que tienes que saber antes de ir a un concierto<\/a><\/li><li class='ez-toc-page-1 ez-toc-heading-level-2'><a class=\"ez-toc-link ez-toc-heading-6\" href=\"https:\/\/queretaro10.com\/eventos\/shakira\/#Ubicacion_de_Las_Mujeres_Ya_No_Lloran_World_Tour\" >Ubicaci\u00f3n de Las Mujeres Ya No Lloran World Tour<\/a><\/li><\/ul><\/nav><\/div>\n<h2><span class=\"ez-toc-section\" id=\"Fecha_martes_2_de_septiembre_de_2025_21_00_HRS\"><\/span>Fecha: martes, 2 de septiembre de 2025 21:00 HRS<span class=\"ez-toc-section-end\"><\/span><\/h2>\n<p>P\u00e1gina Oficial: <a href=\"https:\/\/www.shakira.com\/\" target=\"_blank\" rel=\"nofollow noopener\">shakira.com<\/a><\/p>\n<h2><span class=\"ez-toc-section\" id=\"%C2%BFCuando_es_la_preventa_de_boletos_para_el_concierto\"><\/span>\u00bfCu\u00e1ndo es la preventa de boletos para el concierto?<span class=\"ez-toc-section-end\"><\/span><\/h2>\n<p>La <strong>preventa<\/strong> exclusiva de fans para <strong>comprar boletos<\/strong> de Shakira en Quer\u00e9taro comenz\u00f3 este <strong>jueves 27 de marzo 2025<\/strong>, por lo que para adquirir en <strong>eTicket<\/strong>. Es importante registrarse primero en la <strong>p\u00e1gina oficial<\/strong> de Shakira en este enlace: <a href=\"https:\/\/www.shakira.com\/wolfpack\/\" target=\"_blank\" rel=\"noopener nofollow\">shakira.com\/wolfpack\/<\/a> para disfrutar del beneficio del c\u00f3digo de la venta para fans. La <strong>preventa general<\/strong> de boletos del concierto de Shakira en Quer\u00e9taro ser\u00e1 este <strong>s\u00e1bado 29 de marzo a las 2 de la tarde<\/strong>.<\/p>\n<h2><span class=\"ez-toc-section\" id=\"Comprar_Boletos_Las_Mujeres_Ya_No_Lloran_World_Tour\"><\/span>Comprar Boletos Las Mujeres Ya No Lloran World Tour<span class=\"ez-toc-section-end\"><\/span><\/h2>\n<p><a href=\"https:\/\/www.eticket.mx\/masinformacion.aspx?idevento=33695\" target=\"_blank\" rel=\"nofollow noopener\">Comprar Boletos<\/a><\/p>\n<table>\n<tbody>\n<tr>\n<td>GENERAL A IZQUIERDA<\/td>\n<td>ADULTO<\/td>\n<td>$6,190.00<\/td>\n<\/tr>\n<tr>\n<td>GENERAL A DERECHA<\/td>\n<td>ADULTO<\/td>\n<td>$6,190.00<\/td>\n<\/tr>\n<tr>\n<td>GENERAL B<\/td>\n<td>ADULTO<\/td>\n<td>$3,710.00<\/td>\n<\/tr>\n<tr>\n<td>AZUL CENTRAL<\/td>\n<td>ADULTO<\/td>\n<td>$8,170.00<\/td>\n<\/tr>\n<tr>\n<td>CENTRAL ORIENTE BAJO<\/td>\n<td>ADULTO<\/td>\n<td>$8,170.00<\/td>\n<\/tr>\n<tr>\n<td>CABECERA SUR BAJA<\/td>\n<td>ADULTO<\/td>\n<td>$2,970.00<\/td>\n<\/tr>\n<tr>\n<td>CENTRAL PONIENTE ALTO<\/td>\n<td>ADULTO<\/td>\n<td>$3,460.00<\/td>\n<\/tr>\n<tr>\n<td>CENTRAL ORIENTE ALTO<\/td>\n<td>ADULTO<\/td>\n<td>$3,460.00<\/td>\n<\/tr>\n<tr>\n<td>CABECERA SUR ALTA<\/td>\n<td>ADULTO<\/td>\n<td>$2,470.00<\/td>\n<\/tr>\n<tr>\n<td>PLATEA SUR<\/td>\n<td>ADULTO<\/td>\n<td>$4,450.00<\/td>\n<\/tr>\n<tr>\n<td>CORNER ORIENTE BAJO<\/td>\n<td>ADULTO<\/td>\n<td>$2,970.00<\/td>\n<\/tr>\n<tr>\n<td>CORNER PONIENTE BAJO<\/td>\n<td>ADULTO<\/td>\n<td>$2,970.00<\/td>\n<\/tr>\n<tr>\n<td>CORNER ORIENTE ALTO<\/td>\n<td>ADULTO<\/td>\n<td>$2,470.00<\/td>\n<\/tr>\n<tr>\n<td>CORNER PONIENTE ALTO<\/td>\n<td>ADULTO<\/td>\n<td>$2,470.00<\/td>\n<\/tr>\n<tr>\n<td>CENTRAL ORIENTE BAJO<\/td>\n<td>ADULTO<\/td>\n<td>$8,170.00<\/td>\n<\/tr>\n<\/tbody>\n<\/table>\n<h3><span class=\"ez-toc-section\" id=\"Galeria_Las_Mujeres_Ya_No_Lloran_World_Tour\"><\/span>Galer\u00eda Las Mujeres Ya No Lloran World Tour<span class=\"ez-toc-section-end\"><\/span><\/h3>\n<figure id=\"attachment_725\" aria-describedby=\"caption-attachment-725\" style=\"width: 779px\" class=\"wp-caption aligncenter\"><img fetchpriority=\"high\" decoding=\"async\" class=\"size-full wp-image-725\" src=\"https:\/\/queretaro10.com\/eventos\/wp-content\/uploads\/2025\/03\/img-02-poster-shakira-queretaro10.jpg\" alt=\"Shakira - Las Mujeres Ya No Lloran World Tour en Quer\u00e9taro 2025\" width=\"779\" height=\"1114\" srcset=\"https:\/\/queretaro10.com\/eventos\/wp-content\/uploads\/2025\/03\/img-02-poster-shakira-queretaro10.jpg 779w, https:\/\/queretaro10.com\/eventos\/wp-content\/uploads\/2025\/03\/img-02-poster-shakira-queretaro10-210x300.jpg 210w, https:\/\/queretaro10.com\/eventos\/wp-content\/uploads\/2025\/03\/img-02-poster-shakira-queretaro10-716x1024.jpg 716w, https:\/\/queretaro10.com\/eventos\/wp-content\/uploads\/2025\/03\/img-02-poster-shakira-queretaro10-768x1098.jpg 768w\" sizes=\"(max-width: 779px) 100vw, 779px\" \/><figcaption id=\"caption-attachment-725\" class=\"wp-caption-text\">Shakira &#8211; Las Mujeres Ya No Lloran World Tour en Quer\u00e9taro 2025<\/figcaption><\/figure>\n<figure id=\"attachment_726\" aria-describedby=\"caption-attachment-726\" style=\"width: 779px\" class=\"wp-caption aligncenter\"><img decoding=\"async\" class=\"size-full wp-image-726\" src=\"https:\/\/queretaro10.com\/eventos\/wp-content\/uploads\/2025\/03\/img-03-escenario-shakira-queretaro10.png\" alt=\"Shakira - Las Mujeres Ya No Lloran World Tour en Quer\u00e9taro 2025\" width=\"779\" height=\"779\" srcset=\"https:\/\/queretaro10.com\/eventos\/wp-content\/uploads\/2025\/03\/img-03-escenario-shakira-queretaro10.png 779w, https:\/\/queretaro10.com\/eventos\/wp-content\/uploads\/2025\/03\/img-03-escenario-shakira-queretaro10-300x300.png 300w, https:\/\/queretaro10.com\/eventos\/wp-content\/uploads\/2025\/03\/img-03-escenario-shakira-queretaro10-150x150.png 150w, https:\/\/queretaro10.com\/eventos\/wp-content\/uploads\/2025\/03\/img-03-escenario-shakira-queretaro10-768x768.png 768w\" sizes=\"(max-width: 779px) 100vw, 779px\" \/><figcaption id=\"caption-attachment-726\" class=\"wp-caption-text\">Shakira &#8211; Las Mujeres Ya No Lloran World Tour en Quer\u00e9taro 2025<\/figcaption><\/figure>\n<h2><span class=\"ez-toc-section\" id=\"TIPS_que_tienes_que_saber_antes_de_ir_a_un_concierto\"><\/span>TIPS que tienes que saber antes de ir a un concierto<span class=\"ez-toc-section-end\"><\/span><\/h2>\n<ul>\n<li>Viste ropa c\u00f3moda y adecuada al clima<\/li>\n<li>Lleva zapatos c\u00f3modos<\/li>\n<li>Trae tus tickets descargados o impresos<\/li>\n<li>Lleva una bolsa peque\u00f1a con lo esencial: identificaci\u00f3n, efectivo, tel\u00e9fono y cargador<\/li>\n<li>Inf\u00f3rmate de los horarios de entrada y de inicio del evento<\/li>\n<li>Llega al menos 30 minutos antes de que comience el programa<\/li>\n<li>Mant\u00e9n el tel\u00e9fono celular en silencio y activa solo la funci\u00f3n de vibrador<\/li>\n<li>Sigue una entrada ordenada observando el clima de silencio de los auditorios<\/li>\n<li>Mant\u00e9n un clima de silencio y de escucha atenta durante el concierto<\/li>\n<li>Los aplausos se reservan al final de una obra completa, del concierto<\/li>\n<li>Planea con antelaci\u00f3n c\u00f3mo te vas a devolver del lugar del evento<\/li>\n<\/ul>\n<h2><span class=\"ez-toc-section\" id=\"Ubicacion_de_Las_Mujeres_Ya_No_Lloran_World_Tour\"><\/span>Ubicaci\u00f3n de Las Mujeres Ya No Lloran World Tour<span class=\"ez-toc-section-end\"><\/span><\/h2>\n<p>Avenidas de las Torres S\/N, Centro Sur, 76090 Santiago de Quer\u00e9taro, Qro.<\/p>\n<p><iframe style=\"border: 0;\" tabindex=\"0\" src=\"https:\/\/www.google.com\/maps\/embed?pb=!1m18!1m12!1m3!1d3735.2448050524504!2d-100.3663175187373!3d20.5780579638576!2m3!1f0!2f0!3f0!3m2!1i1024!2i768!4f13.1!3m3!1m2!1s0x85d344ba1f276945%3A0x5c2636cf7525f979!2sEstadio%20Corregidora!5e0!3m2!1ses!2smx!4v1727423626183!5m2!1ses!2smx\" width=\"100%\" height=\"450\" frameborder=\"0\" allowfullscreen=\"allowfullscreen\" aria-hidden=\"false\"><\/iframe><\/p>\n","protected":false},"excerpt":{"rendered":"<p>La cantante colombiana Shakira anunci\u00f3 cuatro nuevas fechas luego del \u00e9xito obtenido en M\u00e9xico de sus recientes presentaciones de su [&hellip;]<\/p>\n","protected":false},"author":2,"featured_media":724,"comment_status":"open","ping_status":"open","sticky":false,"template":"","format":"standard","meta":{"site-sidebar-layout":"default","site-content-layout":"","ast-site-content-layout":"default","site-content-style":"default","site-sidebar-style":"default","ast-global-header-display":"","ast-banner-title-visibility":"","ast-main-header-display":"","ast-hfb-above-header-display":"","ast-hfb-below-header-display":"","ast-hfb-mobile-header-display":"","site-post-title":"","ast-breadcrumbs-content":"","ast-featured-img":"","footer-sml-layout":"","theme-transparent-header-meta":"default","adv-header-id-meta":"","stick-header-meta":"","header-above-stick-meta":"","header-main-stick-meta":"","header-below-stick-meta":"","astra-migrate-meta-layouts":"set","ast-page-background-enabled":"default","ast-page-background-meta":{"desktop":{"background-color":"var(--ast-global-color-4)","background-image":"","background-repeat":"repeat","background-position":"center center","background-size":"auto","background-attachment":"scroll","background-type":"","background-media":"","overlay-type":"","overlay-color":"","overlay-opacity":"","overlay-gradient":""},"tablet":{"background-color":"","background-image":"","background-repeat":"repeat","background-position":"center center","background-size":"auto","background-attachment":"scroll","background-type":"","background-media":"","overlay-type":"","overlay-color":"","overlay-opacity":"","overlay-gradient":""},"mobile":{"background-color":"","background-image":"","background-repeat":"repeat","background-position":"center center","background-size":"auto","background-attachment":"scroll","background-type":"","background-media":"","overlay-type":"","overlay-color":"","overlay-opacity":"","overlay-gradient":""}},"ast-content-background-meta":{"desktop":{"background-color":"var(--ast-global-color-5)","background-image":"","background-repeat":"repeat","background-position":"center center","background-size":"auto","background-attachment":"scroll","background-type":"","background-media":"","overlay-type":"","overlay-color":"","overlay-opacity":"","overlay-gradient":""},"tablet":{"background-color":"var(--ast-global-color-5)","background-image":"","background-repeat":"repeat","background-position":"center center","background-size":"auto","background-attachment":"scroll","background-type":"","background-media":"","overlay-type":"","overlay-color":"","overlay-opacity":"","overlay-gradient":""},"mobile":{"background-color":"var(--ast-global-color-5)","background-image":"","background-repeat":"repeat","background-position":"center center","background-size":"auto","background-attachment":"scroll","background-type":"","background-media":"","overlay-type":"","overlay-color":"","overlay-opacity":"","overlay-gradient":""}},"footnotes":""},"categories":[2],"tags":[],"class_list":["post-721","post","type-post","status-publish","format-standard","has-post-thumbnail","hentry","category-eventos"],"aioseo_notices":[],"_links":{"self":[{"href":"https:\/\/queretaro10.com\/eventos\/wp-json\/wp\/v2\/posts\/721","targetHints":{"allow":["GET"]}}],"collection":[{"href":"https:\/\/queretaro10.com\/eventos\/wp-json\/wp\/v2\/posts"}],"about":[{"href":"https:\/\/queretaro10.com\/eventos\/wp-json\/wp\/v2\/types\/post"}],"author":[{"embeddable":true,"href":"https:\/\/queretaro10.com\/eventos\/wp-json\/wp\/v2\/users\/2"}],"replies":[{"embeddable":true,"href":"https:\/\/queretaro10.com\/eventos\/wp-json\/wp\/v2\/comments?post=721"}],"version-history":[{"count":11,"href":"https:\/\/queretaro10.com\/eventos\/wp-json\/wp\/v2\/posts\/721\/revisions"}],"predecessor-version":[{"id":735,"href":"https:\/\/queretaro10.com\/eventos\/wp-json\/wp\/v2\/posts\/721\/revisions\/735"}],"wp:featuredmedia":[{"embeddable":true,"href":"https:\/\/queretaro10.com\/eventos\/wp-json\/wp\/v2\/media\/724"}],"wp:attachment":[{"href":"https:\/\/queretaro10.com\/eventos\/wp-json\/wp\/v2\/media?parent=721"}],"wp:term":[{"taxonomy":"category","embeddable":true,"href":"https:\/\/queretaro10.com\/eventos\/wp-json\/wp\/v2\/categories?post=721"},{"taxonomy":"post_tag","embeddable":true,"href":"https:\/\/queretaro10.com\/eventos\/wp-json\/wp\/v2\/tags?post=721"}],"curies":[{"name":"wp","href":"https:\/\/api.w.org\/{rel}","templated":true}]}}